{"id":5523,"date":"2023-04-10T18:12:54","date_gmt":"2023-04-11T00:12:54","guid":{"rendered":"https:\/\/www.factura-e.mx\/blog\/?p=5523"},"modified":"2025-03-31T12:32:12","modified_gmt":"2025-03-31T18:32:12","slug":"historia-de-la-factura-electronica-en-mexico","status":"publish","type":"post","link":"https:\/\/www.factura-e.mx\/blog\/historia-de-la-factura-electronica-en-mexico\/","title":{"rendered":"Historia de la Facturaci\u00f3n Electr\u00f3nica"},"content":{"rendered":"\t\t<div data-elementor-type=\"wp-post\" data-elementor-id=\"5523\" class=\"elementor elementor-5523\">\n\t\t\t\t\t\t<section class=\"elementor-section elementor-top-section elementor-element elementor-element-d2c4b1a elementor-section-stretched elementor-section-full_width elementor-section-height-min-height elementor-section-height-default elementor-section-items-middle\" data-id=\"d2c4b1a\" data-element_type=\"section\" data-e-type=\"section\" data-settings=\"{&quot;stretch_section&quot;:&quot;section-stretched&quot;,&quot;background_background&quot;:&quot;gradient&quot;}\">\n\t\t\t\t\t\t<div class=\"elementor-container elementor-column-gap-default\">\n\t\t\t\t\t<div class=\"elementor-column elementor-col-100 elementor-top-column elementor-element elementor-element-ba604a7\" data-id=\"ba604a7\" data-element_type=\"column\" data-e-type=\"column\">\n\t\t\t<div class=\"elementor-widget-wrap elementor-element-populated\">\n\t\t\t\t\t\t<section class=\"elementor-section elementor-inner-section elementor-element elementor-element-9102018 elementor-section-boxed elementor-section-height-default elementor-section-height-default\" data-id=\"9102018\" data-element_type=\"section\" data-e-type=\"section\">\n\t\t\t\t\t\t<div class=\"elementor-container elementor-column-gap-default\">\n\t\t\t\t\t<div class=\"elementor-column elementor-col-50 elementor-inner-column elementor-element elementor-element-921ff29\" data-id=\"921ff29\" data-element_type=\"column\" data-e-type=\"column\">\n\t\t\t<div class=\"elementor-widget-wrap elementor-element-populated\">\n\t\t\t\t\t\t<div class=\"elementor-element elementor-element-53a29bc elementor-widget elementor-widget-image\" data-id=\"53a29bc\" data-element_type=\"widget\" data-e-type=\"widget\" data-widget_type=\"image.default\">\n\t\t\t\t<div class=\"elementor-widget-container\">\n\t\t\t\t\t\t\t\t\t\t\t\t\t\t\t\t<a href=\"https:\/\/www.factura-e.mx\/\">\n\t\t\t\t\t\t\t<img fetchpriority=\"high\" decoding=\"async\" width=\"1024\" height=\"153\" src=\"https:\/\/www.factura-e.mx\/blog\/wp-content\/uploads\/2023\/04\/Logotipo-de-Factura-e-Blanco2-1024x153.png\" class=\"attachment-large size-large wp-image-5710\" alt=\"\" srcset=\"https:\/\/www.factura-e.mx\/blog\/wp-content\/uploads\/2023\/04\/Logotipo-de-Factura-e-Blanco2-1024x153.png 1024w, https:\/\/www.factura-e.mx\/blog\/wp-content\/uploads\/2023\/04\/Logotipo-de-Factura-e-Blanco2-300x45.png 300w, https:\/\/www.factura-e.mx\/blog\/wp-content\/uploads\/2023\/04\/Logotipo-de-Factura-e-Blanco2-768x115.png 768w, https:\/\/www.factura-e.mx\/blog\/wp-content\/uploads\/2023\/04\/Logotipo-de-Factura-e-Blanco2.png 1181w\" sizes=\"(max-width: 1024px) 100vw, 1024px\" \/>\t\t\t\t\t\t\t\t<\/a>\n\t\t\t\t\t\t\t\t\t\t\t\t\t\t\t<\/div>\n\t\t\t\t<\/div>\n\t\t\t\t<div class=\"elementor-element elementor-element-c253091 elementor-widget-divider--view-line elementor-widget elementor-widget-divider\" data-id=\"c253091\" data-element_type=\"widget\" data-e-type=\"widget\" data-widget_type=\"divider.default\">\n\t\t\t\t<div class=\"elementor-widget-container\">\n\t\t\t\t\t\t\t<div class=\"elementor-divider\">\n\t\t\t<span class=\"elementor-divider-separator\">\n\t\t\t\t\t\t<\/span>\n\t\t<\/div>\n\t\t\t\t\t\t<\/div>\n\t\t\t\t<\/div>\n\t\t\t\t<div class=\"elementor-element elementor-element-29b659f elementor-widget elementor-widget-heading\" data-id=\"29b659f\" data-element_type=\"widget\" data-e-type=\"widget\" data-widget_type=\"heading.default\">\n\t\t\t\t<div class=\"elementor-widget-container\">\n\t\t\t\t\t<h1 class=\"elementor-heading-title elementor-size-default\">Historia de la Factura Electr\u00f3nica en M\u00e9xico<\/h1>\t\t\t\t<\/div>\n\t\t\t\t<\/div>\n\t\t\t\t<div class=\"elementor-element elementor-element-211c977 elementor-widget elementor-widget-text-editor\" data-id=\"211c977\" data-element_type=\"widget\" data-e-type=\"widget\" data-widget_type=\"text-editor.default\">\n\t\t\t\t<div class=\"elementor-widget-container\">\n\t\t\t\t\t\t\t\t\t<p><span style=\"font-weight: 400;\">Chile, M\u00e9xico y Brasil son considerados\u00a0 como pa\u00edses pioneros en utilizar este m\u00e9todo para facturar. Latinoam\u00e9rica puso a prueba esta herramienta que despu\u00e9s de unos a\u00f1os se volvi\u00f3 muy funcional y se convirti\u00f3 en un proceso\u00a0<\/span><b>obligatorio\u00a0<\/b><span style=\"font-weight: 400;\">para todos los contribuyentes.\u00a0<\/span><\/p>\t\t\t\t\t\t\t\t<\/div>\n\t\t\t\t<\/div>\n\t\t\t\t\t<\/div>\n\t\t<\/div>\n\t\t\t\t<div class=\"elementor-column elementor-col-50 elementor-inner-column elementor-element elementor-element-3557e84\" data-id=\"3557e84\" data-element_type=\"column\" data-e-type=\"column\">\n\t\t\t<div class=\"elementor-widget-wrap elementor-element-populated\">\n\t\t\t\t\t\t<div class=\"elementor-element elementor-element-c73a973 elementor-widget elementor-widget-image\" data-id=\"c73a973\" data-element_type=\"widget\" data-e-type=\"widget\" data-widget_type=\"image.default\">\n\t\t\t\t<div class=\"elementor-widget-container\">\n\t\t\t\t\t\t\t\t\t\t\t\t\t\t\t<img decoding=\"async\" width=\"1024\" height=\"760\" src=\"https:\/\/www.factura-e.mx\/blog\/wp-content\/uploads\/2023\/04\/historia-de-facturacion-electronica-mexico-linea-del-tiempo-1024x760.png\" class=\"attachment-large size-large wp-image-5680\" alt=\"Historia de la facturaci\u00f3n electr\u00f3nica en M\u00e9xico. L\u00ednea del tiempo\" srcset=\"https:\/\/www.factura-e.mx\/blog\/wp-content\/uploads\/2023\/04\/historia-de-facturacion-electronica-mexico-linea-del-tiempo-1024x760.png 1024w, https:\/\/www.factura-e.mx\/blog\/wp-content\/uploads\/2023\/04\/historia-de-facturacion-electronica-mexico-linea-del-tiempo-300x223.png 300w, https:\/\/www.factura-e.mx\/blog\/wp-content\/uploads\/2023\/04\/historia-de-facturacion-electronica-mexico-linea-del-tiempo-768x570.png 768w, https:\/\/www.factura-e.mx\/blog\/wp-content\/uploads\/2023\/04\/historia-de-facturacion-electronica-mexico-linea-del-tiempo-1536x1140.png 1536w, https:\/\/www.factura-e.mx\/blog\/wp-content\/uploads\/2023\/04\/historia-de-facturacion-electronica-mexico-linea-del-tiempo-2048x1521.png 2048w\" sizes=\"(max-width: 1024px) 100vw, 1024px\" \/>\t\t\t\t\t\t\t\t\t\t\t\t\t\t\t<\/div>\n\t\t\t\t<\/div>\n\t\t\t\t\t<\/div>\n\t\t<\/div>\n\t\t\t\t\t<\/div>\n\t\t<\/section>\n\t\t\t\t\t<\/div>\n\t\t<\/div>\n\t\t\t\t\t<\/div>\n\t\t<\/section>\n\t\t\t\t<section class=\"elementor-section elementor-top-section elementor-element elementor-element-67c1b367 elementor-section-full_width elementor-section-stretched elementor-section-height-default elementor-section-height-default\" data-id=\"67c1b367\" data-element_type=\"section\" data-e-type=\"section\" data-settings=\"{&quot;stretch_section&quot;:&quot;section-stretched&quot;}\">\n\t\t\t\t\t\t<div class=\"elementor-container elementor-column-gap-default\">\n\t\t\t\t\t<div class=\"elementor-column elementor-col-100 elementor-top-column elementor-element elementor-element-71b97168\" data-id=\"71b97168\" data-element_type=\"column\" data-e-type=\"column\" data-settings=\"{&quot;background_background&quot;:&quot;classic&quot;}\">\n\t\t\t<div class=\"elementor-widget-wrap elementor-element-populated\">\n\t\t\t\t\t\t<section class=\"elementor-section elementor-inner-section elementor-element elementor-element-373c44c6 elementor-section-boxed elementor-section-height-default elementor-section-height-default\" data-id=\"373c44c6\" data-element_type=\"section\" data-e-type=\"section\">\n\t\t\t\t\t\t<div class=\"elementor-container elementor-column-gap-default\">\n\t\t\t\t\t<div class=\"elementor-column elementor-col-25 elementor-inner-column elementor-element elementor-element-20567b24\" data-id=\"20567b24\" data-element_type=\"column\" data-e-type=\"column\" data-settings=\"{&quot;background_background&quot;:&quot;classic&quot;}\">\n\t\t\t<div class=\"elementor-widget-wrap elementor-element-populated\">\n\t\t\t\t\t\t<div class=\"elementor-element elementor-element-4d4da4cd elementor-widget elementor-widget-text-editor\" data-id=\"4d4da4cd\" data-element_type=\"widget\" data-e-type=\"widget\" data-widget_type=\"text-editor.default\">\n\t\t\t\t<div class=\"elementor-widget-container\">\n\t\t\t\t\t\t\t\t\t<p><a href=\"https:\/\/www.factura-e.mx\/blog\/historia-de-la-factura-electronica-en-mexico\/#pionero-facturacion\"><strong>M\u00e9xico: Pionero en facturaci\u00f3n<\/strong><\/a><\/p>\t\t\t\t\t\t\t\t<\/div>\n\t\t\t\t<\/div>\n\t\t\t\t\t<\/div>\n\t\t<\/div>\n\t\t\t\t<div class=\"elementor-column elementor-col-25 elementor-inner-column elementor-element elementor-element-29e31662\" data-id=\"29e31662\" data-element_type=\"column\" data-e-type=\"column\" data-settings=\"{&quot;background_background&quot;:&quot;classic&quot;}\">\n\t\t\t<div class=\"elementor-widget-wrap elementor-element-populated\">\n\t\t\t\t\t\t<div class=\"elementor-element elementor-element-10b0a4eb elementor-widget elementor-widget-text-editor\" data-id=\"10b0a4eb\" data-element_type=\"widget\" data-e-type=\"widget\" data-widget_type=\"text-editor.default\">\n\t\t\t\t<div class=\"elementor-widget-container\">\n\t\t\t\t\t\t\t\t\t<p><a href=\"https:\/\/www.factura-e.mx\/blog\/historia-de-la-factura-electronica-en-mexico\/#adopcion-el-cfd\">Primer a\u00f1o de adopci\u00f3n del CFD<\/a><\/p>\t\t\t\t\t\t\t\t<\/div>\n\t\t\t\t<\/div>\n\t\t\t\t\t<\/div>\n\t\t<\/div>\n\t\t\t\t<div class=\"elementor-column elementor-col-25 elementor-inner-column elementor-element elementor-element-22ee8291\" data-id=\"22ee8291\" data-element_type=\"column\" data-e-type=\"column\" data-settings=\"{&quot;background_background&quot;:&quot;classic&quot;}\">\n\t\t\t<div class=\"elementor-widget-wrap elementor-element-populated\">\n\t\t\t\t\t\t<div class=\"elementor-element elementor-element-715e1ee1 elementor-widget elementor-widget-text-editor\" data-id=\"715e1ee1\" data-element_type=\"widget\" data-e-type=\"widget\" data-widget_type=\"text-editor.default\">\n\t\t\t\t<div class=\"elementor-widget-container\">\n\t\t\t\t\t\t\t\t\t<p><a href=\"https:\/\/www.factura-e.mx\/blog\/historia-de-la-factura-electronica-en-mexico\/#opciones-de-facturacion\">Diferentes opciones de facturaci\u00f3n\u00a0<\/a><\/p>\t\t\t\t\t\t\t\t<\/div>\n\t\t\t\t<\/div>\n\t\t\t\t\t<\/div>\n\t\t<\/div>\n\t\t\t\t<div class=\"elementor-column elementor-col-25 elementor-inner-column elementor-element elementor-element-7c3d9bb9\" data-id=\"7c3d9bb9\" data-element_type=\"column\" data-e-type=\"column\" data-settings=\"{&quot;background_background&quot;:&quot;classic&quot;}\">\n\t\t\t<div class=\"elementor-widget-wrap elementor-element-populated\">\n\t\t\t\t\t\t<div class=\"elementor-element elementor-element-6ee8b610 elementor-widget elementor-widget-text-editor\" data-id=\"6ee8b610\" data-element_type=\"widget\" data-e-type=\"widget\" data-widget_type=\"text-editor.default\">\n\t\t\t\t<div class=\"elementor-widget-container\">\n\t\t\t\t\t\t\t\t\t<p><a href=\"https:\/\/www.factura-e.mx\/blog\/historia-de-la-factura-electronica-en-mexico\/#impresas-a-digital\">Transici\u00f3n de facturas impresas a digital<\/a><\/p>\t\t\t\t\t\t\t\t<\/div>\n\t\t\t\t<\/div>\n\t\t\t\t\t<\/div>\n\t\t<\/div>\n\t\t\t\t\t<\/div>\n\t\t<\/section>\n\t\t\t\t\t<\/div>\n\t\t<\/div>\n\t\t\t\t\t<\/div>\n\t\t<\/section>\n\t\t\t\t<section class=\"elementor-section elementor-top-section elementor-element elementor-element-1bfdcce5 elementor-section-full_width elementor-section-stretched elementor-section-height-default elementor-section-height-default\" data-id=\"1bfdcce5\" data-element_type=\"section\" data-e-type=\"section\" data-settings=\"{&quot;stretch_section&quot;:&quot;section-stretched&quot;}\">\n\t\t\t\t\t\t<div class=\"elementor-container elementor-column-gap-default\">\n\t\t\t\t\t<div class=\"elementor-column elementor-col-100 elementor-top-column elementor-element elementor-element-6a8724c2\" data-id=\"6a8724c2\" data-element_type=\"column\" data-e-type=\"column\" data-settings=\"{&quot;background_background&quot;:&quot;classic&quot;}\">\n\t\t\t<div class=\"elementor-widget-wrap elementor-element-populated\">\n\t\t\t\t\t\t<section class=\"elementor-section elementor-inner-section elementor-element elementor-element-62648a9f elementor-section-boxed elementor-section-height-default elementor-section-height-default\" data-id=\"62648a9f\" data-element_type=\"section\" data-e-type=\"section\">\n\t\t\t\t\t\t<div class=\"elementor-container elementor-column-gap-default\">\n\t\t\t\t\t<div class=\"elementor-column elementor-col-25 elementor-inner-column elementor-element elementor-element-4bbc4c7f\" data-id=\"4bbc4c7f\" data-element_type=\"column\" data-e-type=\"column\" data-settings=\"{&quot;background_background&quot;:&quot;classic&quot;}\">\n\t\t\t<div class=\"elementor-widget-wrap elementor-element-populated\">\n\t\t\t\t\t\t<div class=\"elementor-element elementor-element-390be12b elementor-widget elementor-widget-text-editor\" data-id=\"390be12b\" data-element_type=\"widget\" data-e-type=\"widget\" data-widget_type=\"text-editor.default\">\n\t\t\t\t<div class=\"elementor-widget-container\">\n\t\t\t\t\t\t\t\t\t<p><a href=\"https:\/\/www.factura-e.mx\/blog\/historia-de-la-factura-electronica-en-mexico\/#algunos-contribuyentes\">CFDI Obligatorios para algunos contribuyentes<\/a><\/p>\t\t\t\t\t\t\t\t<\/div>\n\t\t\t\t<\/div>\n\t\t\t\t\t<\/div>\n\t\t<\/div>\n\t\t\t\t<div class=\"elementor-column elementor-col-25 elementor-inner-column elementor-element elementor-element-371353d9\" data-id=\"371353d9\" data-element_type=\"column\" data-e-type=\"column\" data-settings=\"{&quot;background_background&quot;:&quot;classic&quot;}\">\n\t\t\t<div class=\"elementor-widget-wrap elementor-element-populated\">\n\t\t\t\t\t\t<div class=\"elementor-element elementor-element-4fe9456b elementor-widget elementor-widget-text-editor\" data-id=\"4fe9456b\" data-element_type=\"widget\" data-e-type=\"widget\" data-widget_type=\"text-editor.default\">\n\t\t\t\t<div class=\"elementor-widget-container\">\n\t\t\t\t\t\t\t\t\t<p><a href=\"https:\/\/www.factura-e.mx\/blog\/historia-de-la-factura-electronica-en-mexico\/#factura-obligatoria\">Factura Electr\u00f3nica Obligatoria<\/a><\/p>\t\t\t\t\t\t\t\t<\/div>\n\t\t\t\t<\/div>\n\t\t\t\t\t<\/div>\n\t\t<\/div>\n\t\t\t\t<div class=\"elementor-column elementor-col-25 elementor-inner-column elementor-element elementor-element-1e88baaf\" data-id=\"1e88baaf\" data-element_type=\"column\" data-e-type=\"column\" data-settings=\"{&quot;background_background&quot;:&quot;classic&quot;}\">\n\t\t\t<div class=\"elementor-widget-wrap elementor-element-populated\">\n\t\t\t\t\t\t<div class=\"elementor-element elementor-element-243c465b elementor-widget elementor-widget-text-editor\" data-id=\"243c465b\" data-element_type=\"widget\" data-e-type=\"widget\" data-widget_type=\"text-editor.default\">\n\t\t\t\t<div class=\"elementor-widget-container\">\n\t\t\t\t\t\t\t\t\t<p><a href=\"https:\/\/www.factura-e.mx\/blog\/historia-de-la-factura-electronica-en-mexico\/#cfdi-3-3\">Llega la versi\u00f3n 3.3 del CFDI<\/a><\/p>\t\t\t\t\t\t\t\t<\/div>\n\t\t\t\t<\/div>\n\t\t\t\t\t<\/div>\n\t\t<\/div>\n\t\t\t\t<div class=\"elementor-column elementor-col-25 elementor-inner-column elementor-element elementor-element-786396bf\" data-id=\"786396bf\" data-element_type=\"column\" data-e-type=\"column\" data-settings=\"{&quot;background_background&quot;:&quot;classic&quot;}\">\n\t\t\t<div class=\"elementor-widget-wrap elementor-element-populated\">\n\t\t\t\t\t\t<div class=\"elementor-element elementor-element-48637258 elementor-widget elementor-widget-text-editor\" data-id=\"48637258\" data-element_type=\"widget\" data-e-type=\"widget\" data-widget_type=\"text-editor.default\">\n\t\t\t\t<div class=\"elementor-widget-container\">\n\t\t\t\t\t\t\t\t\t<p><a href=\"https:\/\/www.factura-e.mx\/blog\/historia-de-la-factura-electronica-en-mexico\/#complemento-de-pago\"><b>Se integra el Complemento de Pago<\/b><\/a><\/p>\t\t\t\t\t\t\t\t<\/div>\n\t\t\t\t<\/div>\n\t\t\t\t\t<\/div>\n\t\t<\/div>\n\t\t\t\t\t<\/div>\n\t\t<\/section>\n\t\t\t\t\t<\/div>\n\t\t<\/div>\n\t\t\t\t\t<\/div>\n\t\t<\/section>\n\t\t\t\t<section class=\"elementor-section elementor-top-section elementor-element elementor-element-188746bc elementor-section-full_width elementor-section-stretched elementor-section-height-default elementor-section-height-default\" data-id=\"188746bc\" data-element_type=\"section\" data-e-type=\"section\" data-settings=\"{&quot;stretch_section&quot;:&quot;section-stretched&quot;}\">\n\t\t\t\t\t\t<div class=\"elementor-container elementor-column-gap-default\">\n\t\t\t\t\t<div class=\"elementor-column elementor-col-100 elementor-top-column elementor-element elementor-element-1b437bb4\" data-id=\"1b437bb4\" data-element_type=\"column\" data-e-type=\"column\" data-settings=\"{&quot;background_background&quot;:&quot;classic&quot;}\">\n\t\t\t<div class=\"elementor-widget-wrap elementor-element-populated\">\n\t\t\t\t\t\t<section class=\"elementor-section elementor-inner-section elementor-element elementor-element-2ae4f13a elementor-section-boxed elementor-section-height-default elementor-section-height-default\" data-id=\"2ae4f13a\" data-element_type=\"section\" data-e-type=\"section\">\n\t\t\t\t\t\t<div class=\"elementor-container elementor-column-gap-default\">\n\t\t\t\t\t<div class=\"elementor-column elementor-col-33 elementor-inner-column elementor-element elementor-element-6a5efa1\" data-id=\"6a5efa1\" data-element_type=\"column\" data-e-type=\"column\" data-settings=\"{&quot;background_background&quot;:&quot;classic&quot;}\">\n\t\t\t<div class=\"elementor-widget-wrap elementor-element-populated\">\n\t\t\t\t\t\t<div class=\"elementor-element elementor-element-5095392d elementor-widget elementor-widget-text-editor\" data-id=\"5095392d\" data-element_type=\"widget\" data-e-type=\"widget\" data-widget_type=\"text-editor.default\">\n\t\t\t\t<div class=\"elementor-widget-container\">\n\t\t\t\t\t\t\t\t\t<p><a href=\"https:\/\/www.factura-e.mx\/blog\/historia-de-la-factura-electronica-en-mexico\/#carta-porte\"><b>Se agrega el Complemento Carta Porte<\/b><\/a><\/p>\t\t\t\t\t\t\t\t<\/div>\n\t\t\t\t<\/div>\n\t\t\t\t\t<\/div>\n\t\t<\/div>\n\t\t\t\t<div class=\"elementor-column elementor-col-33 elementor-inner-column elementor-element elementor-element-52d6ddd\" data-id=\"52d6ddd\" data-element_type=\"column\" data-e-type=\"column\" data-settings=\"{&quot;background_background&quot;:&quot;classic&quot;}\">\n\t\t\t<div class=\"elementor-widget-wrap elementor-element-populated\">\n\t\t\t\t\t\t<div class=\"elementor-element elementor-element-27f14d16 elementor-widget elementor-widget-text-editor\" data-id=\"27f14d16\" data-element_type=\"widget\" data-e-type=\"widget\" data-widget_type=\"text-editor.default\">\n\t\t\t\t<div class=\"elementor-widget-container\">\n\t\t\t\t\t\t\t\t\t<p><a href=\"https:\/\/www.factura-e.mx\/blog\/historia-de-la-factura-electronica-en-mexico\/#cfdi-4-0\">Entra en vigor la Factura Electr\u00f3nica 4.0<\/a><\/p>\t\t\t\t\t\t\t\t<\/div>\n\t\t\t\t<\/div>\n\t\t\t\t\t<\/div>\n\t\t<\/div>\n\t\t\t\t<div class=\"elementor-column elementor-col-33 elementor-inner-column elementor-element elementor-element-7923a80d\" data-id=\"7923a80d\" data-element_type=\"column\" data-e-type=\"column\" data-settings=\"{&quot;background_background&quot;:&quot;classic&quot;}\">\n\t\t\t<div class=\"elementor-widget-wrap elementor-element-populated\">\n\t\t\t\t\t\t<div class=\"elementor-element elementor-element-e052251 elementor-widget elementor-widget-text-editor\" data-id=\"e052251\" data-element_type=\"widget\" data-e-type=\"widget\" data-widget_type=\"text-editor.default\">\n\t\t\t\t<div class=\"elementor-widget-container\">\n\t\t\t\t\t\t\t\t\t<p><a href=\"https:\/\/www.factura-e.mx\/blog\/historia-de-la-factura-electronica-en-mexico\/#cfdi-4-0-obligatoria\">La versi\u00f3n CFDI 4.0 se vuelve obligatoria<\/a><\/p>\t\t\t\t\t\t\t\t<\/div>\n\t\t\t\t<\/div>\n\t\t\t\t\t<\/div>\n\t\t<\/div>\n\t\t\t\t\t<\/div>\n\t\t<\/section>\n\t\t\t\t\t<\/div>\n\t\t<\/div>\n\t\t\t\t\t<\/div>\n\t\t<\/section>\n\t\t\t\t<section class=\"elementor-section elementor-top-section elementor-element elementor-element-395b6401 elementor-section-stretched elementor-section-boxed elementor-section-height-default elementor-section-height-default\" data-id=\"395b6401\" data-element_type=\"section\" data-e-type=\"section\" id=\"mexico-pionero\" data-settings=\"{&quot;stretch_section&quot;:&quot;section-stretched&quot;,&quot;background_background&quot;:&quot;classic&quot;}\">\n\t\t\t\t\t\t<div class=\"elementor-container elementor-column-gap-default\">\n\t\t\t\t\t<div class=\"elementor-column elementor-col-100 elementor-top-column elementor-element elementor-element-37f8d81\" data-id=\"37f8d81\" data-element_type=\"column\" data-e-type=\"column\">\n\t\t\t<div class=\"elementor-widget-wrap elementor-element-populated\">\n\t\t\t\t\t\t<div class=\"elementor-element elementor-element-19225317 elementor-widget elementor-widget-heading\" data-id=\"19225317\" data-element_type=\"widget\" data-e-type=\"widget\" id=\"pionero-facturacion\" data-widget_type=\"heading.default\">\n\t\t\t\t<div class=\"elementor-widget-container\">\n\t\t\t\t\t<h2 class=\"elementor-heading-title elementor-size-default\">M\u00e9xico: Pionero en facturaci\u00f3n<\/h2>\t\t\t\t<\/div>\n\t\t\t\t<\/div>\n\t\t\t\t\t<\/div>\n\t\t<\/div>\n\t\t\t\t\t<\/div>\n\t\t<\/section>\n\t\t\t\t<section class=\"elementor-section elementor-top-section elementor-element elementor-element-2f166c5e elementor-section-stretched elementor-section-boxed elementor-section-height-default elementor-section-height-default\" data-id=\"2f166c5e\" data-element_type=\"section\" data-e-type=\"section\" data-settings=\"{&quot;stretch_section&quot;:&quot;section-stretched&quot;,&quot;background_background&quot;:&quot;classic&quot;}\">\n\t\t\t\t\t\t<div class=\"elementor-container elementor-column-gap-default\">\n\t\t\t\t\t<div class=\"elementor-column elementor-col-100 elementor-top-column elementor-element elementor-element-2369a3ac\" data-id=\"2369a3ac\" data-element_type=\"column\" data-e-type=\"column\">\n\t\t\t<div class=\"elementor-widget-wrap elementor-element-populated\">\n\t\t\t\t\t\t<section class=\"elementor-section elementor-inner-section elementor-element elementor-element-c0a6624 elementor-section-boxed elementor-section-height-default elementor-section-height-default\" data-id=\"c0a6624\" data-element_type=\"section\" data-e-type=\"section\">\n\t\t\t\t\t\t<div class=\"elementor-container elementor-column-gap-default\">\n\t\t\t\t\t<div class=\"elementor-column elementor-col-100 elementor-inner-column elementor-element elementor-element-592196c6\" data-id=\"592196c6\" data-element_type=\"column\" data-e-type=\"column\">\n\t\t\t<div class=\"elementor-widget-wrap elementor-element-populated\">\n\t\t\t\t\t\t<div class=\"elementor-element elementor-element-3ec7ccd5 elementor-widget elementor-widget-text-editor\" data-id=\"3ec7ccd5\" data-element_type=\"widget\" data-e-type=\"widget\" data-widget_type=\"text-editor.default\">\n\t\t\t\t<div class=\"elementor-widget-container\">\n\t\t\t\t\t\t\t\t\t<p>M\u00e9xico y Chile fueron los dos primeros pa\u00edses de Am\u00e9rica latina y el Caribe que impulsaron el uso del <strong>comprobante fiscal digital por internet CFDI <\/strong>en el 2004.\u00a0<\/p><p>Hace unos a\u00f1os M\u00e9xico tom\u00f3 la decisi\u00f3n de eliminar la versi\u00f3n de facturaci\u00f3n <strong>an\u00e1loga <\/strong>para que la tambi\u00e9n llamada <strong>e-factura <\/strong>fuera \u00fanica y se utilizar\u00e1 obligatoriamente. Aunque este proceso llev\u00f3 su tiempo, hoy en d\u00eda todas\u00a0las empresas ya cuentan con un<strong> sistema digital de facturaci\u00f3n.\u00a0<\/strong><\/p>\t\t\t\t\t\t\t\t<\/div>\n\t\t\t\t<\/div>\n\t\t\t\t\t<\/div>\n\t\t<\/div>\n\t\t\t\t\t<\/div>\n\t\t<\/section>\n\t\t\t\t\t<\/div>\n\t\t<\/div>\n\t\t\t\t\t<\/div>\n\t\t<\/section>\n\t\t\t\t<section class=\"elementor-section elementor-top-section elementor-element elementor-element-5da93f6c elementor-section-stretched elementor-section-boxed elementor-section-height-default elementor-section-height-default\" data-id=\"5da93f6c\" data-element_type=\"section\" data-e-type=\"section\" data-settings=\"{&quot;stretch_section&quot;:&quot;section-stretched&quot;,&quot;background_background&quot;:&quot;classic&quot;}\">\n\t\t\t\t\t\t<div class=\"elementor-container elementor-column-gap-default\">\n\t\t\t\t\t<div class=\"elementor-column elementor-col-100 elementor-top-column elementor-element elementor-element-8e2f204\" data-id=\"8e2f204\" data-element_type=\"column\" data-e-type=\"column\">\n\t\t\t<div class=\"elementor-widget-wrap elementor-element-populated\">\n\t\t\t\t\t\t<section class=\"elementor-section elementor-inner-section elementor-element elementor-element-1bfb3210 elementor-section-boxed elementor-section-height-default elementor-section-height-default\" data-id=\"1bfb3210\" data-element_type=\"section\" data-e-type=\"section\">\n\t\t\t\t\t\t<div class=\"elementor-container elementor-column-gap-default\">\n\t\t\t\t\t<div class=\"elementor-column elementor-col-50 elementor-inner-column elementor-element elementor-element-198e60d7\" data-id=\"198e60d7\" data-element_type=\"column\" data-e-type=\"column\">\n\t\t\t<div class=\"elementor-widget-wrap elementor-element-populated\">\n\t\t\t\t\t\t<div class=\"elementor-element elementor-element-58abde7 elementor-widget elementor-widget-image\" data-id=\"58abde7\" data-element_type=\"widget\" data-e-type=\"widget\" data-widget_type=\"image.default\">\n\t\t\t\t<div class=\"elementor-widget-container\">\n\t\t\t\t\t\t\t\t\t\t\t\t\t\t\t<img decoding=\"async\" width=\"1024\" height=\"1024\" src=\"https:\/\/www.factura-e.mx\/blog\/wp-content\/uploads\/2023\/04\/301798615_779633143386622_3969140062419864253_n-1024x1024.jpg\" class=\"attachment-large size-large wp-image-5804\" alt=\"\" srcset=\"https:\/\/www.factura-e.mx\/blog\/wp-content\/uploads\/2023\/04\/301798615_779633143386622_3969140062419864253_n-1024x1024.jpg 1024w, https:\/\/www.factura-e.mx\/blog\/wp-content\/uploads\/2023\/04\/301798615_779633143386622_3969140062419864253_n-300x300.jpg 300w, https:\/\/www.factura-e.mx\/blog\/wp-content\/uploads\/2023\/04\/301798615_779633143386622_3969140062419864253_n-150x150.jpg 150w, https:\/\/www.factura-e.mx\/blog\/wp-content\/uploads\/2023\/04\/301798615_779633143386622_3969140062419864253_n-768x768.jpg 768w, https:\/\/www.factura-e.mx\/blog\/wp-content\/uploads\/2023\/04\/301798615_779633143386622_3969140062419864253_n-1536x1536.jpg 1536w, https:\/\/www.factura-e.mx\/blog\/wp-content\/uploads\/2023\/04\/301798615_779633143386622_3969140062419864253_n.jpg 2048w, https:\/\/www.factura-e.mx\/blog\/wp-content\/uploads\/2023\/04\/301798615_779633143386622_3969140062419864253_n-600x600.jpg 600w\" sizes=\"(max-width: 1024px) 100vw, 1024px\" \/>\t\t\t\t\t\t\t\t\t\t\t\t\t\t\t<\/div>\n\t\t\t\t<\/div>\n\t\t\t\t<div class=\"elementor-element elementor-element-2ec5bb5 elementor-widget elementor-widget-text-editor\" data-id=\"2ec5bb5\" data-element_type=\"widget\" data-e-type=\"widget\" data-widget_type=\"text-editor.default\">\n\t\t\t\t<div class=\"elementor-widget-container\">\n\t\t\t\t\t\t\t\t\t<p><strong>Asociaci\u00f3n Mexicana de Ejecutivos en Comercio Exterior A.C<\/strong><\/p>\t\t\t\t\t\t\t\t<\/div>\n\t\t\t\t<\/div>\n\t\t\t\t\t<\/div>\n\t\t<\/div>\n\t\t\t\t<div class=\"elementor-column elementor-col-50 elementor-inner-column elementor-element elementor-element-4bdbd23e\" data-id=\"4bdbd23e\" data-element_type=\"column\" data-e-type=\"column\" data-settings=\"{&quot;background_background&quot;:&quot;classic&quot;}\">\n\t\t\t<div class=\"elementor-widget-wrap elementor-element-populated\">\n\t\t\t\t\t\t<div class=\"elementor-element elementor-element-5ec2088b elementor-widget elementor-widget-text-editor\" data-id=\"5ec2088b\" data-element_type=\"widget\" data-e-type=\"widget\" data-widget_type=\"text-editor.default\">\n\t\t\t\t<div class=\"elementor-widget-container\">\n\t\t\t\t\t\t\t\t\t<h2><b>1997. Surgimiento del AMECE<\/b><\/h2><p>M\u00e9xico ten\u00eda la necesidad de contar con facturaci\u00f3n electr\u00f3nica que se encontrar\u00e1 bajo un esquema legal para poder implementarlo correctamente. Por esta raz\u00f3n se dio paso a la iniciativa de crear un comit\u00e9 de factura electr\u00f3nica.<\/p><p>Fue cuando en el a\u00f1o 1997 surgio AMECE, que es la organizaci\u00f3n que se encarga de impulsar y desarrollar modelos de negocios como el caso de:<\/p><ul><li>Identificaci\u00f3n con c\u00f3digo de barras<\/li><li>La factura electr\u00f3nica<\/li><li>El c\u00f3digo electr\u00f3nico de producto<\/li><li>Cat\u00e1logo electr\u00f3nico de productos<\/li><\/ul>\t\t\t\t\t\t\t\t<\/div>\n\t\t\t\t<\/div>\n\t\t\t\t\t<\/div>\n\t\t<\/div>\n\t\t\t\t\t<\/div>\n\t\t<\/section>\n\t\t\t\t\t<\/div>\n\t\t<\/div>\n\t\t\t\t\t<\/div>\n\t\t<\/section>\n\t\t\t\t<section class=\"elementor-section elementor-top-section elementor-element elementor-element-4d2b029 elementor-section-stretched elementor-section-boxed elementor-section-height-default elementor-section-height-default\" data-id=\"4d2b029\" data-element_type=\"section\" data-e-type=\"section\" data-settings=\"{&quot;stretch_section&quot;:&quot;section-stretched&quot;,&quot;background_background&quot;:&quot;classic&quot;}\">\n\t\t\t\t\t\t<div class=\"elementor-container elementor-column-gap-default\">\n\t\t\t\t\t<div class=\"elementor-column elementor-col-100 elementor-top-column elementor-element elementor-element-d291b5a\" data-id=\"d291b5a\" data-element_type=\"column\" data-e-type=\"column\">\n\t\t\t<div class=\"elementor-widget-wrap elementor-element-populated\">\n\t\t\t\t\t\t<section class=\"elementor-section elementor-inner-section elementor-element elementor-element-8e80322 elementor-section-boxed elementor-section-height-default elementor-section-height-default\" data-id=\"8e80322\" data-element_type=\"section\" data-e-type=\"section\">\n\t\t\t\t\t\t<div class=\"elementor-container elementor-column-gap-default\">\n\t\t\t\t\t<div class=\"elementor-column elementor-col-50 elementor-inner-column elementor-element elementor-element-c260c13\" data-id=\"c260c13\" data-element_type=\"column\" data-e-type=\"column\">\n\t\t\t<div class=\"elementor-widget-wrap elementor-element-populated\">\n\t\t\t\t\t\t<div class=\"elementor-element elementor-element-0a43388 elementor-widget elementor-widget-text-editor\" data-id=\"0a43388\" data-element_type=\"widget\" data-e-type=\"widget\" data-widget_type=\"text-editor.default\">\n\t\t\t\t<div class=\"elementor-widget-container\">\n\t\t\t\t\t\t\t\t\t<h2><b>2004. Aprobaci\u00f3n del uso de la factura electr\u00f3nica (CFD)<\/b><\/h2><p><span style=\"font-weight: 400;\">En esta \u00e9poca el correo electr\u00f3nico ya comenzaba a ser utilizado por usuarios mexicanos como m\u00e9todo de comunicaci\u00f3n y algunas personas ya contaban con dispositivos m\u00f3viles, sin embargo, las empresas segu\u00edan almacenando las facturas por <\/span><b>periodos de 4 a 5 a\u00f1os<\/b><span style=\"font-weight: 400;\">.\u00a0<\/span><\/p><p><span style=\"font-weight: 400;\">Este m\u00e9todo implicaba costos mayores para las empresas y para el SAT era tedioso y complicado revisar todas las facturas de forma manual.<\/span><\/p>\t\t\t\t\t\t\t\t<\/div>\n\t\t\t\t<\/div>\n\t\t\t\t\t<\/div>\n\t\t<\/div>\n\t\t\t\t<div class=\"elementor-column elementor-col-50 elementor-inner-column elementor-element elementor-element-68f8174\" data-id=\"68f8174\" data-element_type=\"column\" data-e-type=\"column\">\n\t\t\t<div class=\"elementor-widget-wrap elementor-element-populated\">\n\t\t\t\t\t\t<div class=\"elementor-element elementor-element-a306598 elementor-widget elementor-widget-text-editor\" data-id=\"a306598\" data-element_type=\"widget\" data-e-type=\"widget\" data-widget_type=\"text-editor.default\">\n\t\t\t\t<div class=\"elementor-widget-container\">\n\t\t\t\t\t\t\t\t\t<p>As\u00ed luc\u00eda el portal del SAT al inicio de la Facturaci\u00f3n Electr\u00f3nica en M\u00e9xico\u00a0<\/p>\t\t\t\t\t\t\t\t<\/div>\n\t\t\t\t<\/div>\n\t\t\t\t<div class=\"elementor-element elementor-element-8fce288 elementor-widget elementor-widget-image\" data-id=\"8fce288\" data-element_type=\"widget\" data-e-type=\"widget\" data-widget_type=\"image.default\">\n\t\t\t\t<div class=\"elementor-widget-container\">\n\t\t\t\t\t\t\t\t\t\t\t\t\t\t\t<img loading=\"lazy\" decoding=\"async\" width=\"1024\" height=\"664\" src=\"https:\/\/www.factura-e.mx\/blog\/wp-content\/uploads\/2023\/04\/historia-de-facturacion-electronica-mexico-01-1024x664.jpg\" class=\"attachment-large size-large wp-image-5633\" alt=\"As\u00ed luc\u00eda el portal del SAT al inicio de la Facturaci\u00f3n Electr\u00f3nica en M\u00e9xico\" srcset=\"https:\/\/www.factura-e.mx\/blog\/wp-content\/uploads\/2023\/04\/historia-de-facturacion-electronica-mexico-01-1024x664.jpg 1024w, https:\/\/www.factura-e.mx\/blog\/wp-content\/uploads\/2023\/04\/historia-de-facturacion-electronica-mexico-01-300x194.jpg 300w, https:\/\/www.factura-e.mx\/blog\/wp-content\/uploads\/2023\/04\/historia-de-facturacion-electronica-mexico-01-768x498.jpg 768w, https:\/\/www.factura-e.mx\/blog\/wp-content\/uploads\/2023\/04\/historia-de-facturacion-electronica-mexico-01.jpg 1080w\" sizes=\"(max-width: 1024px) 100vw, 1024px\" \/>\t\t\t\t\t\t\t\t\t\t\t\t\t\t\t<\/div>\n\t\t\t\t<\/div>\n\t\t\t\t<div class=\"elementor-element elementor-element-d3d6f5f elementor-widget elementor-widget-text-editor\" data-id=\"d3d6f5f\" data-element_type=\"widget\" data-e-type=\"widget\" data-widget_type=\"text-editor.default\">\n\t\t\t\t<div class=\"elementor-widget-container\">\n\t\t\t\t\t\t\t\t\t<p><span style=\"font-weight: 400;\">A principios del 2004 comienza el proceso para crear<\/span><b> el primer CFD <\/b><span style=\"font-weight: 400;\">despu\u00e9s de que algunos contribuyentes buscar\u00e1n el permiso para generar comprobantes fiscales digitales.<\/span><\/p>\t\t\t\t\t\t\t\t<\/div>\n\t\t\t\t<\/div>\n\t\t\t\t\t<\/div>\n\t\t<\/div>\n\t\t\t\t\t<\/div>\n\t\t<\/section>\n\t\t\t\t\t<\/div>\n\t\t<\/div>\n\t\t\t\t\t<\/div>\n\t\t<\/section>\n\t\t\t\t<section class=\"elementor-section elementor-top-section elementor-element elementor-element-874c655 elementor-section-stretched elementor-section-boxed elementor-section-height-default elementor-section-height-default\" data-id=\"874c655\" data-element_type=\"section\" data-e-type=\"section\" data-settings=\"{&quot;stretch_section&quot;:&quot;section-stretched&quot;,&quot;background_background&quot;:&quot;classic&quot;}\">\n\t\t\t\t\t\t<div class=\"elementor-container elementor-column-gap-default\">\n\t\t\t\t\t<div class=\"elementor-column elementor-col-50 elementor-top-column elementor-element elementor-element-4e2ce23\" data-id=\"4e2ce23\" data-element_type=\"column\" data-e-type=\"column\">\n\t\t\t<div class=\"elementor-widget-wrap elementor-element-populated\">\n\t\t\t\t\t\t<section class=\"elementor-section elementor-inner-section elementor-element elementor-element-2106b3d elementor-section-boxed elementor-section-height-default elementor-section-height-default\" data-id=\"2106b3d\" data-element_type=\"section\" data-e-type=\"section\">\n\t\t\t\t\t\t<div class=\"elementor-container elementor-column-gap-default\">\n\t\t\t\t\t<div class=\"elementor-column elementor-col-100 elementor-inner-column elementor-element elementor-element-5d17e30\" data-id=\"5d17e30\" data-element_type=\"column\" data-e-type=\"column\">\n\t\t\t<div class=\"elementor-widget-wrap elementor-element-populated\">\n\t\t\t\t\t\t<div class=\"elementor-element elementor-element-1d20322 elementor-widget elementor-widget-image\" data-id=\"1d20322\" data-element_type=\"widget\" data-e-type=\"widget\" data-widget_type=\"image.default\">\n\t\t\t\t<div class=\"elementor-widget-container\">\n\t\t\t\t\t\t\t\t\t\t\t\t\t\t\t<img loading=\"lazy\" decoding=\"async\" width=\"1024\" height=\"800\" src=\"https:\/\/www.factura-e.mx\/blog\/wp-content\/uploads\/2023\/04\/historia-de-la-facturacion-electronica-fiel-1024x800.jpg\" class=\"attachment-large size-large wp-image-5618\" alt=\"Nace la Firma Electr\u00f3nica Avanzada (FEA)\" srcset=\"https:\/\/www.factura-e.mx\/blog\/wp-content\/uploads\/2023\/04\/historia-de-la-facturacion-electronica-fiel-1024x800.jpg 1024w, https:\/\/www.factura-e.mx\/blog\/wp-content\/uploads\/2023\/04\/historia-de-la-facturacion-electronica-fiel-300x234.jpg 300w, https:\/\/www.factura-e.mx\/blog\/wp-content\/uploads\/2023\/04\/historia-de-la-facturacion-electronica-fiel-768x600.jpg 768w, https:\/\/www.factura-e.mx\/blog\/wp-content\/uploads\/2023\/04\/historia-de-la-facturacion-electronica-fiel.jpg 1080w\" sizes=\"(max-width: 1024px) 100vw, 1024px\" \/>\t\t\t\t\t\t\t\t\t\t\t\t\t\t\t<\/div>\n\t\t\t\t<\/div>\n\t\t\t\t\t<\/div>\n\t\t<\/div>\n\t\t\t\t\t<\/div>\n\t\t<\/section>\n\t\t\t\t\t<\/div>\n\t\t<\/div>\n\t\t\t\t<div class=\"elementor-column elementor-col-50 elementor-top-column elementor-element elementor-element-f9b4406\" data-id=\"f9b4406\" data-element_type=\"column\" data-e-type=\"column\">\n\t\t\t<div class=\"elementor-widget-wrap elementor-element-populated\">\n\t\t\t\t\t\t<section class=\"elementor-section elementor-inner-section elementor-element elementor-element-6380e78 elementor-section-boxed elementor-section-height-default elementor-section-height-default\" data-id=\"6380e78\" data-element_type=\"section\" data-e-type=\"section\">\n\t\t\t\t\t\t<div class=\"elementor-container elementor-column-gap-default\">\n\t\t\t\t\t<div class=\"elementor-column elementor-col-100 elementor-inner-column elementor-element elementor-element-4be5eda\" data-id=\"4be5eda\" data-element_type=\"column\" data-e-type=\"column\">\n\t\t\t<div class=\"elementor-widget-wrap elementor-element-populated\">\n\t\t\t\t\t\t<div class=\"elementor-element elementor-element-f1102bb elementor-widget elementor-widget-text-editor\" data-id=\"f1102bb\" data-element_type=\"widget\" data-e-type=\"widget\" data-widget_type=\"text-editor.default\">\n\t\t\t\t<div class=\"elementor-widget-container\">\n\t\t\t\t\t\t\t\t\t<h2><b>Nace l<\/b><strong>a Firma Electr\u00f3nica Avanzada (FEA)<\/strong><\/h2><p>En el 2004 el SA implement\u00f3 la Firma Electr\u00f3nica Avanzada (FEA), unos meses despu\u00e9s se cambi\u00f3 la abreviatura a FIEL.<\/p><p>Su creaci\u00f3n tuvo como prop\u00f3sito identificar al emisor de cada transacci\u00f3n electr\u00f3nica y verificarlo como autor leg\u00edtimo de esta, tal como si fuera una firma escrita, puesto que tambi\u00e9n es \u00fanica e irrepetible.<\/p><p>Actualmente se conoce como <u><a href=\"https:\/\/www.factura-e.mx\/blog\/firma-electronica-sat\/\">e.firma SAT<\/a><\/u><\/p>\t\t\t\t\t\t\t\t<\/div>\n\t\t\t\t<\/div>\n\t\t\t\t<div class=\"elementor-element elementor-element-7482525 elementor-widget elementor-widget-text-editor\" data-id=\"7482525\" data-element_type=\"widget\" data-e-type=\"widget\" data-widget_type=\"text-editor.default\">\n\t\t\t\t<div class=\"elementor-widget-container\">\n\t\t\t\t\t\t\t\t\t<p><b>DATO: Estados Unidos sigue utilizando los recibos impresos<\/b><\/p><p><span style=\"font-weight: 400;\">La facturaci\u00f3n electr\u00f3nica se implement\u00f3 en Estados Unidos en 2022 como una prueba piloto que se extender\u00eda hasta el primer trimestre del 2023.\u00a0\u00a0<\/span><\/p>\t\t\t\t\t\t\t\t<\/div>\n\t\t\t\t<\/div>\n\t\t\t\t\t<\/div>\n\t\t<\/div>\n\t\t\t\t\t<\/div>\n\t\t<\/section>\n\t\t\t\t\t<\/div>\n\t\t<\/div>\n\t\t\t\t\t<\/div>\n\t\t<\/section>\n\t\t\t\t<section class=\"elementor-section elementor-top-section elementor-element elementor-element-6794e36b elementor-section-stretched elementor-section-boxed elementor-section-height-default elementor-section-height-default\" data-id=\"6794e36b\" data-element_type=\"section\" data-e-type=\"section\" id=\"edad-media\" data-settings=\"{&quot;stretch_section&quot;:&quot;section-stretched&quot;,&quot;background_background&quot;:&quot;classic&quot;}\">\n\t\t\t\t\t\t<div class=\"elementor-container elementor-column-gap-default\">\n\t\t\t\t\t<div class=\"elementor-column elementor-col-100 elementor-top-column elementor-element elementor-element-346e66b3\" data-id=\"346e66b3\" data-element_type=\"column\" data-e-type=\"column\">\n\t\t\t<div class=\"elementor-widget-wrap elementor-element-populated\">\n\t\t\t\t\t\t<div class=\"elementor-element elementor-element-35af9bd3 elementor-widget elementor-widget-heading\" data-id=\"35af9bd3\" data-element_type=\"widget\" data-e-type=\"widget\" id=\"adopcion-el-cfd\" data-widget_type=\"heading.default\">\n\t\t\t\t<div class=\"elementor-widget-container\">\n\t\t\t\t\t<h2 class=\"elementor-heading-title elementor-size-default\">Primer a\u00f1o de adopci\u00f3n del CFD\n<\/h2>\t\t\t\t<\/div>\n\t\t\t\t<\/div>\n\t\t\t\t\t<\/div>\n\t\t<\/div>\n\t\t\t\t\t<\/div>\n\t\t<\/section>\n\t\t\t\t<section class=\"elementor-section elementor-top-section elementor-element elementor-element-6e9e5571 elementor-section-stretched elementor-section-boxed elementor-section-height-default elementor-section-height-default\" data-id=\"6e9e5571\" data-element_type=\"section\" data-e-type=\"section\" data-settings=\"{&quot;stretch_section&quot;:&quot;section-stretched&quot;,&quot;background_background&quot;:&quot;classic&quot;}\">\n\t\t\t\t\t\t<div class=\"elementor-container elementor-column-gap-default\">\n\t\t\t\t\t<div class=\"elementor-column elementor-col-100 elementor-top-column elementor-element elementor-element-182de246\" data-id=\"182de246\" data-element_type=\"column\" data-e-type=\"column\">\n\t\t\t<div class=\"elementor-widget-wrap elementor-element-populated\">\n\t\t\t\t\t\t<section class=\"elementor-section elementor-inner-section elementor-element elementor-element-5a3c0052 elementor-section-boxed elementor-section-height-default elementor-section-height-default\" data-id=\"5a3c0052\" data-element_type=\"section\" data-e-type=\"section\">\n\t\t\t\t\t\t<div class=\"elementor-container elementor-column-gap-default\">\n\t\t\t\t\t<div class=\"elementor-column elementor-col-50 elementor-inner-column elementor-element elementor-element-a13e8cb\" data-id=\"a13e8cb\" data-element_type=\"column\" data-e-type=\"column\">\n\t\t\t<div class=\"elementor-widget-wrap elementor-element-populated\">\n\t\t\t\t\t\t<div class=\"elementor-element elementor-element-10bc8d7 elementor-view-default elementor-position-block-start elementor-mobile-position-block-start elementor-widget elementor-widget-icon-box\" data-id=\"10bc8d7\" data-element_type=\"widget\" data-e-type=\"widget\" data-widget_type=\"icon-box.default\">\n\t\t\t\t<div class=\"elementor-widget-container\">\n\t\t\t\t\t\t\t<div class=\"elementor-icon-box-wrapper\">\n\n\t\t\t\t\t\t<div class=\"elementor-icon-box-icon\">\n\t\t\t\t<span  class=\"elementor-icon\">\n\t\t\t\t<i aria-hidden=\"true\" class=\"far fa-file-alt\"><\/i>\t\t\t\t<\/span>\n\t\t\t<\/div>\n\t\t\t\n\t\t\t\t\t\t<div class=\"elementor-icon-box-content\">\n\n\t\t\t\t\t\t\t\t\t<h3 class=\"elementor-icon-box-title\">\n\t\t\t\t\t\t<span  >\n\t\t\t\t\t\t\tEl Dato: El SAT autoriza la facturaci\u00f3n a terceros\u00a0\t\t\t\t\t\t<\/span>\n\t\t\t\t\t<\/h3>\n\t\t\t\t\n\t\t\t\t\n\t\t\t<\/div>\n\t\t\t\n\t\t<\/div>\n\t\t\t\t\t\t<\/div>\n\t\t\t\t<\/div>\n\t\t\t\t\t<\/div>\n\t\t<\/div>\n\t\t\t\t<div class=\"elementor-column elementor-col-50 elementor-inner-column elementor-element elementor-element-21d56a07\" data-id=\"21d56a07\" data-element_type=\"column\" data-e-type=\"column\">\n\t\t\t<div class=\"elementor-widget-wrap elementor-element-populated\">\n\t\t\t\t\t\t<div class=\"elementor-element elementor-element-6b58a233 elementor-widget elementor-widget-text-editor\" data-id=\"6b58a233\" data-element_type=\"widget\" data-e-type=\"widget\" data-widget_type=\"text-editor.default\">\n\t\t\t\t<div class=\"elementor-widget-container\">\n\t\t\t\t\t\t\t\t\t<h2><b>2005. Surge el CFD 1.0<\/b><\/h2><p>Se lleva a la pr\u00e1ctica la primera versi\u00f3n (1.0) del CFD \u00a0y M\u00e9xico se convierte en el segundo pa\u00eds de Am\u00e9rica Latina en emplear el uso de la facturaci\u00f3n electr\u00f3nica.\u00a0<\/p>\t\t\t\t\t\t\t\t<\/div>\n\t\t\t\t<\/div>\n\t\t\t\t\t<\/div>\n\t\t<\/div>\n\t\t\t\t\t<\/div>\n\t\t<\/section>\n\t\t\t\t\t<\/div>\n\t\t<\/div>\n\t\t\t\t\t<\/div>\n\t\t<\/section>\n\t\t\t\t<section class=\"elementor-section elementor-top-section elementor-element elementor-element-741c026e elementor-section-stretched elementor-section-boxed elementor-section-height-default elementor-section-height-default\" data-id=\"741c026e\" data-element_type=\"section\" data-e-type=\"section\" data-settings=\"{&quot;stretch_section&quot;:&quot;section-stretched&quot;,&quot;background_background&quot;:&quot;classic&quot;}\">\n\t\t\t\t\t\t<div class=\"elementor-container elementor-column-gap-default\">\n\t\t\t\t\t<div class=\"elementor-column elementor-col-100 elementor-top-column elementor-element elementor-element-237b3d07\" data-id=\"237b3d07\" data-element_type=\"column\" data-e-type=\"column\">\n\t\t\t<div class=\"elementor-widget-wrap elementor-element-populated\">\n\t\t\t\t\t\t<section class=\"elementor-section elementor-inner-section elementor-element elementor-element-13f0268a elementor-section-boxed elementor-section-height-default elementor-section-height-default\" data-id=\"13f0268a\" data-element_type=\"section\" data-e-type=\"section\">\n\t\t\t\t\t\t<div class=\"elementor-container elementor-column-gap-default\">\n\t\t\t\t\t<div class=\"elementor-column elementor-col-100 elementor-inner-column elementor-element elementor-element-5b530e21\" data-id=\"5b530e21\" data-element_type=\"column\" data-e-type=\"column\">\n\t\t\t<div class=\"elementor-widget-wrap elementor-element-populated\">\n\t\t\t\t\t\t<div class=\"elementor-element elementor-element-75681bba elementor-widget elementor-widget-text-editor\" data-id=\"75681bba\" data-element_type=\"widget\" data-e-type=\"widget\" data-widget_type=\"text-editor.default\">\n\t\t\t\t<div class=\"elementor-widget-container\">\n\t\t\t\t\t\t\t\t\t<h2><b>Se superan las 100,000 operaciones <\/b><\/h2><p><span style=\"font-weight: 400;\">El t\u00e9rmino <\/span><b>Facturaci\u00f3n a trav\u00e9s de terceros <\/b><span style=\"font-weight: 400;\">se implementa por primera vez.<\/span><\/p><p><span style=\"font-weight: 400;\"> A finales de ese a\u00f1o se dio a conocer que se emitieron <\/span><b>139,509 operaciones<\/b><span style=\"font-weight: 400;\"> y ya hab\u00eda <\/span><b>236 empresas registradas<\/b><span style=\"font-weight: 400;\">.\u00a0<\/span><\/p><p><span style=\"color: #0000ff;\"><b><p style=\"text-align: center;\"><a href=\"https:\/\/www.factura-e.mx\/\" target=\"_blank\" rel=\"noopener\"><img loading=\"lazy\" decoding=\"async\" class=\"aligncenter wp-image-7588\" src=\"https:\/\/www.factura-e.mx\/blog\/wp-content\/uploads\/2025\/04\/No-sabes-por-donde-empezar.jpg\" alt=\"\" width=\"670\" height=\"335\" srcset=\"https:\/\/www.factura-e.mx\/blog\/wp-content\/uploads\/2025\/04\/No-sabes-por-donde-empezar.jpg 800w, https:\/\/www.factura-e.mx\/blog\/wp-content\/uploads\/2025\/04\/No-sabes-por-donde-empezar-300x150.jpg 300w, https:\/\/www.factura-e.mx\/blog\/wp-content\/uploads\/2025\/04\/No-sabes-por-donde-empezar-768x384.jpg 768w\" sizes=\"(max-width: 670px) 100vw, 670px\" \/><\/a><\/p><\/b><\/span><\/p>\t\t\t\t\t\t\t\t<\/div>\n\t\t\t\t<\/div>\n\t\t\t\t\t<\/div>\n\t\t<\/div>\n\t\t\t\t\t<\/div>\n\t\t<\/section>\n\t\t\t\t\t<\/div>\n\t\t<\/div>\n\t\t\t\t\t<\/div>\n\t\t<\/section>\n\t\t\t\t<section class=\"elementor-section elementor-top-section elementor-element elementor-element-1ec7b835 elementor-section-stretched elementor-section-boxed elementor-section-height-default elementor-section-height-default\" data-id=\"1ec7b835\" data-element_type=\"section\" data-e-type=\"section\" data-settings=\"{&quot;stretch_section&quot;:&quot;section-stretched&quot;,&quot;background_background&quot;:&quot;classic&quot;}\">\n\t\t\t\t\t\t<div class=\"elementor-container elementor-column-gap-default\">\n\t\t\t\t\t<div class=\"elementor-column elementor-col-100 elementor-top-column elementor-element elementor-element-5bdd0d22\" data-id=\"5bdd0d22\" data-element_type=\"column\" data-e-type=\"column\">\n\t\t\t<div class=\"elementor-widget-wrap elementor-element-populated\">\n\t\t\t\t\t\t<div class=\"elementor-element elementor-element-6e8b1624 elementor-widget elementor-widget-heading\" data-id=\"6e8b1624\" data-element_type=\"widget\" data-e-type=\"widget\" id=\"opciones-de-facturacion\" data-widget_type=\"heading.default\">\n\t\t\t\t<div class=\"elementor-widget-container\">\n\t\t\t\t\t<h2 class=\"elementor-heading-title elementor-size-default\">Diferentes opciones de facturaci\u00f3n<\/h2>\t\t\t\t<\/div>\n\t\t\t\t<\/div>\n\t\t\t\t\t<\/div>\n\t\t<\/div>\n\t\t\t\t\t<\/div>\n\t\t<\/section>\n\t\t\t\t<section class=\"elementor-section elementor-top-section elementor-element elementor-element-444a92da elementor-section-stretched elementor-section-boxed elementor-section-height-default elementor-section-height-default\" data-id=\"444a92da\" data-element_type=\"section\" data-e-type=\"section\" data-settings=\"{&quot;stretch_section&quot;:&quot;section-stretched&quot;,&quot;background_background&quot;:&quot;classic&quot;}\">\n\t\t\t\t\t\t<div class=\"elementor-container elementor-column-gap-default\">\n\t\t\t\t\t<div class=\"elementor-column elementor-col-100 elementor-top-column elementor-element elementor-element-528fb824\" data-id=\"528fb824\" data-element_type=\"column\" data-e-type=\"column\">\n\t\t\t<div class=\"elementor-widget-wrap elementor-element-populated\">\n\t\t\t\t\t\t<section class=\"elementor-section elementor-inner-section elementor-element elementor-element-160e77f4 elementor-section-boxed elementor-section-height-default elementor-section-height-default\" data-id=\"160e77f4\" data-element_type=\"section\" data-e-type=\"section\">\n\t\t\t\t\t\t<div class=\"elementor-container elementor-column-gap-default\">\n\t\t\t\t\t<div class=\"elementor-column elementor-col-50 elementor-inner-column elementor-element elementor-element-41c65bb\" data-id=\"41c65bb\" data-element_type=\"column\" data-e-type=\"column\">\n\t\t\t<div class=\"elementor-widget-wrap elementor-element-populated\">\n\t\t\t\t\t\t<div class=\"elementor-element elementor-element-19d9f47 elementor-widget elementor-widget-image\" data-id=\"19d9f47\" data-element_type=\"widget\" data-e-type=\"widget\" data-widget_type=\"image.default\">\n\t\t\t\t<div class=\"elementor-widget-container\">\n\t\t\t\t\t\t\t\t\t\t\t\t\t\t\t<img loading=\"lazy\" decoding=\"async\" width=\"842\" height=\"402\" src=\"https:\/\/www.factura-e.mx\/blog\/wp-content\/uploads\/2023\/04\/historia-de-facturacion-electronica-mexico-02.jpg\" class=\"attachment-large size-large wp-image-5637\" alt=\"2009. Se crean los primeros software de facturaci\u00f3n privada\" srcset=\"https:\/\/www.factura-e.mx\/blog\/wp-content\/uploads\/2023\/04\/historia-de-facturacion-electronica-mexico-02.jpg 842w, https:\/\/www.factura-e.mx\/blog\/wp-content\/uploads\/2023\/04\/historia-de-facturacion-electronica-mexico-02-300x143.jpg 300w, https:\/\/www.factura-e.mx\/blog\/wp-content\/uploads\/2023\/04\/historia-de-facturacion-electronica-mexico-02-768x367.jpg 768w\" sizes=\"(max-width: 842px) 100vw, 842px\" \/>\t\t\t\t\t\t\t\t\t\t\t\t\t\t\t<\/div>\n\t\t\t\t<\/div>\n\t\t\t\t\t<\/div>\n\t\t<\/div>\n\t\t\t\t<div class=\"elementor-column elementor-col-50 elementor-inner-column elementor-element elementor-element-0d82a18\" data-id=\"0d82a18\" data-element_type=\"column\" data-e-type=\"column\">\n\t\t\t<div class=\"elementor-widget-wrap elementor-element-populated\">\n\t\t\t\t\t\t<div class=\"elementor-element elementor-element-4defb12 elementor-widget elementor-widget-text-editor\" data-id=\"4defb12\" data-element_type=\"widget\" data-e-type=\"widget\" data-widget_type=\"text-editor.default\">\n\t\t\t\t<div class=\"elementor-widget-container\">\n\t\t\t\t\t\t\t\t\t<h2><b>2009. Se crean los primeros software de facturaci\u00f3n privada<\/b><\/h2><p><span style=\"font-weight: 400;\">Los contribuyentes tienen la posibilidad de <strong>generar un CFD por sus propios medios<\/strong> o con la ayuda de un agente del SAT (Servicio de Administraci\u00f3n Tributaria).<\/span><\/p>\t\t\t\t\t\t\t\t<\/div>\n\t\t\t\t<\/div>\n\t\t\t\t\t<\/div>\n\t\t<\/div>\n\t\t\t\t\t<\/div>\n\t\t<\/section>\n\t\t\t\t\t<\/div>\n\t\t<\/div>\n\t\t\t\t\t<\/div>\n\t\t<\/section>\n\t\t\t\t<section class=\"elementor-section elementor-top-section elementor-element elementor-element-34d217d1 elementor-section-stretched elementor-section-boxed elementor-section-height-default elementor-section-height-default\" data-id=\"34d217d1\" data-element_type=\"section\" data-e-type=\"section\" data-settings=\"{&quot;stretch_section&quot;:&quot;section-stretched&quot;,&quot;background_background&quot;:&quot;classic&quot;}\">\n\t\t\t\t\t\t<div class=\"elementor-container elementor-column-gap-default\">\n\t\t\t\t\t<div class=\"elementor-column elementor-col-100 elementor-top-column elementor-element elementor-element-307e66b5\" data-id=\"307e66b5\" data-element_type=\"column\" data-e-type=\"column\">\n\t\t\t<div class=\"elementor-widget-wrap elementor-element-populated\">\n\t\t\t\t\t\t<section class=\"elementor-section elementor-inner-section elementor-element elementor-element-61df6f3c elementor-section-boxed elementor-section-height-default elementor-section-height-default\" data-id=\"61df6f3c\" data-element_type=\"section\" data-e-type=\"section\">\n\t\t\t\t\t\t<div class=\"elementor-container elementor-column-gap-default\">\n\t\t\t\t\t<div class=\"elementor-column elementor-col-100 elementor-inner-column elementor-element elementor-element-4c551cb0\" data-id=\"4c551cb0\" data-element_type=\"column\" data-e-type=\"column\">\n\t\t\t<div class=\"elementor-widget-wrap elementor-element-populated\">\n\t\t\t\t\t\t<div class=\"elementor-element elementor-element-3fa913e1 elementor-widget elementor-widget-text-editor\" data-id=\"3fa913e1\" data-element_type=\"widget\" data-e-type=\"widget\" data-widget_type=\"text-editor.default\">\n\t\t\t\t<div class=\"elementor-widget-container\">\n\t\t\t\t\t\t\t\t\t<h2>2009. Se agrega a la Resoluci\u00f3n Fiscal<\/h2><p><span style=\"font-weight: 400;\">En diciembre del 2009 se agreg\u00f3 el Anexo 1-A de la Resoluci\u00f3n Miscel\u00e1nea Fiscal, aunque <\/span><b>la entrada en vigor ser\u00eda hasta el 1 de enero del 2011.\u00a0<\/b><\/p>\t\t\t\t\t\t\t\t<\/div>\n\t\t\t\t<\/div>\n\t\t\t\t\t<\/div>\n\t\t<\/div>\n\t\t\t\t\t<\/div>\n\t\t<\/section>\n\t\t\t\t\t<\/div>\n\t\t<\/div>\n\t\t\t\t\t<\/div>\n\t\t<\/section>\n\t\t\t\t<section class=\"elementor-section elementor-top-section elementor-element elementor-element-588181a4 elementor-section-stretched elementor-section-boxed elementor-section-height-default elementor-section-height-default\" data-id=\"588181a4\" data-element_type=\"section\" data-e-type=\"section\" id=\"concepto-de-oficinas\" data-settings=\"{&quot;stretch_section&quot;:&quot;section-stretched&quot;,&quot;background_background&quot;:&quot;classic&quot;}\">\n\t\t\t\t\t\t<div class=\"elementor-container elementor-column-gap-default\">\n\t\t\t\t\t<div class=\"elementor-column elementor-col-100 elementor-top-column elementor-element elementor-element-1e084c6c\" data-id=\"1e084c6c\" data-element_type=\"column\" data-e-type=\"column\">\n\t\t\t<div class=\"elementor-widget-wrap elementor-element-populated\">\n\t\t\t\t\t\t<div class=\"elementor-element elementor-element-736555d elementor-widget elementor-widget-heading\" data-id=\"736555d\" data-element_type=\"widget\" data-e-type=\"widget\" id=\"impresas-a-digital\" data-widget_type=\"heading.default\">\n\t\t\t\t<div class=\"elementor-widget-container\">\n\t\t\t\t\t<h2 class=\"elementor-heading-title elementor-size-default\">Transici\u00f3n de facturas impresas a digital<\/h2>\t\t\t\t<\/div>\n\t\t\t\t<\/div>\n\t\t\t\t\t<\/div>\n\t\t<\/div>\n\t\t\t\t\t<\/div>\n\t\t<\/section>\n\t\t\t\t<section class=\"elementor-section elementor-top-section elementor-element elementor-element-10495dc9 elementor-section-stretched elementor-section-boxed elementor-section-height-default elementor-section-height-default\" data-id=\"10495dc9\" data-element_type=\"section\" data-e-type=\"section\" data-settings=\"{&quot;stretch_section&quot;:&quot;section-stretched&quot;,&quot;background_background&quot;:&quot;classic&quot;}\">\n\t\t\t\t\t\t<div class=\"elementor-container elementor-column-gap-default\">\n\t\t\t\t\t<div class=\"elementor-column elementor-col-100 elementor-top-column elementor-element elementor-element-12cff6ae\" data-id=\"12cff6ae\" data-element_type=\"column\" data-e-type=\"column\">\n\t\t\t<div class=\"elementor-widget-wrap elementor-element-populated\">\n\t\t\t\t\t\t<section class=\"elementor-section elementor-inner-section elementor-element elementor-element-228405a6 elementor-section-boxed elementor-section-height-default elementor-section-height-default\" data-id=\"228405a6\" data-element_type=\"section\" data-e-type=\"section\">\n\t\t\t\t\t\t<div class=\"elementor-container elementor-column-gap-default\">\n\t\t\t\t\t<div class=\"elementor-column elementor-col-50 elementor-inner-column elementor-element elementor-element-544dcc3e\" data-id=\"544dcc3e\" data-element_type=\"column\" data-e-type=\"column\">\n\t\t\t<div class=\"elementor-widget-wrap elementor-element-populated\">\n\t\t\t\t\t\t<div class=\"elementor-element elementor-element-94b75e5 elementor-widget elementor-widget-image\" data-id=\"94b75e5\" data-element_type=\"widget\" data-e-type=\"widget\" data-widget_type=\"image.default\">\n\t\t\t\t<div class=\"elementor-widget-container\">\n\t\t\t\t\t\t\t\t\t\t\t\t\t\t\t<img loading=\"lazy\" decoding=\"async\" width=\"1024\" height=\"1024\" src=\"https:\/\/www.factura-e.mx\/blog\/wp-content\/uploads\/2023\/04\/facturacion-electronica-de-papel-a-digital-1024x1024.png\" class=\"attachment-large size-large wp-image-5638\" alt=\"2010. Comienza la transici\u00f3n de factura en papel a electr\u00f3nica\" srcset=\"https:\/\/www.factura-e.mx\/blog\/wp-content\/uploads\/2023\/04\/facturacion-electronica-de-papel-a-digital-1024x1024.png 1024w, https:\/\/www.factura-e.mx\/blog\/wp-content\/uploads\/2023\/04\/facturacion-electronica-de-papel-a-digital-300x300.png 300w, https:\/\/www.factura-e.mx\/blog\/wp-content\/uploads\/2023\/04\/facturacion-electronica-de-papel-a-digital-150x150.png 150w, https:\/\/www.factura-e.mx\/blog\/wp-content\/uploads\/2023\/04\/facturacion-electronica-de-papel-a-digital-768x768.png 768w, https:\/\/www.factura-e.mx\/blog\/wp-content\/uploads\/2023\/04\/facturacion-electronica-de-papel-a-digital-600x600.png 600w, https:\/\/www.factura-e.mx\/blog\/wp-content\/uploads\/2023\/04\/facturacion-electronica-de-papel-a-digital.png 1080w\" sizes=\"(max-width: 1024px) 100vw, 1024px\" \/>\t\t\t\t\t\t\t\t\t\t\t\t\t\t\t<\/div>\n\t\t\t\t<\/div>\n\t\t\t\t\t<\/div>\n\t\t<\/div>\n\t\t\t\t<div class=\"elementor-column elementor-col-50 elementor-inner-column elementor-element elementor-element-9c842aa\" data-id=\"9c842aa\" data-element_type=\"column\" data-e-type=\"column\">\n\t\t\t<div class=\"elementor-widget-wrap elementor-element-populated\">\n\t\t\t\t\t\t<div class=\"elementor-element elementor-element-c4cde45 elementor-widget elementor-widget-text-editor\" data-id=\"c4cde45\" data-element_type=\"widget\" data-e-type=\"widget\" data-widget_type=\"text-editor.default\">\n\t\t\t\t<div class=\"elementor-widget-container\">\n\t\t\t\t\t\t\t\t\t<h2><b>2010. <\/b>Comienza la transici\u00f3n de factura en papel a electr\u00f3nica<\/h2><p>El 2010 marco el cambio en la forma de facturaci\u00f3n en M\u00e9xico. En este comenz\u00f3 de forma definitiva la transici\u00f3n de facturas en papel a las versiones digitales.<\/p><p>Durante este periodo a\u00fan exist\u00edan muchas dudas sobre procesos, requerimientos y formas para emitir las facturas.\u00a0\u00a0<\/p>\t\t\t\t\t\t\t\t<\/div>\n\t\t\t\t<\/div>\n\t\t\t\t\t<\/div>\n\t\t<\/div>\n\t\t\t\t\t<\/div>\n\t\t<\/section>\n\t\t\t\t\t<\/div>\n\t\t<\/div>\n\t\t\t\t\t<\/div>\n\t\t<\/section>\n\t\t\t\t<section class=\"elementor-section elementor-top-section elementor-element elementor-element-249573cb elementor-section-stretched elementor-section-boxed elementor-section-height-default elementor-section-height-default\" data-id=\"249573cb\" data-element_type=\"section\" data-e-type=\"section\" data-settings=\"{&quot;stretch_section&quot;:&quot;section-stretched&quot;,&quot;background_background&quot;:&quot;classic&quot;}\">\n\t\t\t\t\t\t<div class=\"elementor-container elementor-column-gap-default\">\n\t\t\t\t\t<div class=\"elementor-column elementor-col-100 elementor-top-column elementor-element elementor-element-11dceb13\" data-id=\"11dceb13\" data-element_type=\"column\" data-e-type=\"column\">\n\t\t\t<div class=\"elementor-widget-wrap elementor-element-populated\">\n\t\t\t\t\t\t<section class=\"elementor-section elementor-inner-section elementor-element elementor-element-356c1fea elementor-section-boxed elementor-section-height-default elementor-section-height-default\" data-id=\"356c1fea\" data-element_type=\"section\" data-e-type=\"section\">\n\t\t\t\t\t\t<div class=\"elementor-container elementor-column-gap-default\">\n\t\t\t\t\t<div class=\"elementor-column elementor-col-50 elementor-inner-column elementor-element elementor-element-5a88f275\" data-id=\"5a88f275\" data-element_type=\"column\" data-e-type=\"column\">\n\t\t\t<div class=\"elementor-widget-wrap elementor-element-populated\">\n\t\t\t\t\t\t<div class=\"elementor-element elementor-element-50889254 elementor-widget elementor-widget-text-editor\" data-id=\"50889254\" data-element_type=\"widget\" data-e-type=\"widget\" data-widget_type=\"text-editor.default\">\n\t\t\t\t<div class=\"elementor-widget-container\">\n\t\t\t\t\t\t\t\t\t<h2><b>2010 Entra en vigor el CFDI 2.0\u00a0<\/b><\/h2><p>Con el objetivo de ampliar el uso de los comprobantes digitales, en el 2010\u00a0 se public\u00f3 de forma oficial el anexo del Comprobante Fiscal Digital por Internet en su versi\u00f3n 2.0.<\/p>\t\t\t\t\t\t\t\t<\/div>\n\t\t\t\t<\/div>\n\t\t\t\t\t<\/div>\n\t\t<\/div>\n\t\t\t\t<div class=\"elementor-column elementor-col-50 elementor-inner-column elementor-element elementor-element-46e648d0\" data-id=\"46e648d0\" data-element_type=\"column\" data-e-type=\"column\">\n\t\t\t<div class=\"elementor-widget-wrap elementor-element-populated\">\n\t\t\t\t\t\t<div class=\"elementor-element elementor-element-4e6c733 elementor-widget elementor-widget-text-editor\" data-id=\"4e6c733\" data-element_type=\"widget\" data-e-type=\"widget\" data-widget_type=\"text-editor.default\">\n\t\t\t\t<div class=\"elementor-widget-container\">\n\t\t\t\t\t\t\t\t\t<p><b>DATO: Estados Unidos sigue utilizando los recibos impresos<\/b><\/p><p><span style=\"font-weight: 400;\">La facturaci\u00f3n electr\u00f3nica se implement\u00f3 en 2022 como una prueba piloto que se extender\u00eda hasta el primer trimestre del 2023.\u00a0\u00a0<\/span><\/p>\t\t\t\t\t\t\t\t<\/div>\n\t\t\t\t<\/div>\n\t\t\t\t\t<\/div>\n\t\t<\/div>\n\t\t\t\t\t<\/div>\n\t\t<\/section>\n\t\t\t\t\t<\/div>\n\t\t<\/div>\n\t\t\t\t\t<\/div>\n\t\t<\/section>\n\t\t\t\t<section class=\"elementor-section elementor-top-section elementor-element elementor-element-414d6a52 elementor-section-full_width elementor-section-stretched elementor-section-height-default elementor-section-height-default\" data-id=\"414d6a52\" data-element_type=\"section\" data-e-type=\"section\" data-settings=\"{&quot;stretch_section&quot;:&quot;section-stretched&quot;,&quot;background_background&quot;:&quot;classic&quot;}\">\n\t\t\t\t\t\t<div class=\"elementor-container elementor-column-gap-default\">\n\t\t\t\t\t<div class=\"elementor-column elementor-col-100 elementor-top-column elementor-element elementor-element-539dc0db\" data-id=\"539dc0db\" data-element_type=\"column\" data-e-type=\"column\">\n\t\t\t<div class=\"elementor-widget-wrap elementor-element-populated\">\n\t\t\t\t\t\t<section class=\"elementor-section elementor-inner-section elementor-element elementor-element-6560caad elementor-section-boxed elementor-section-height-default elementor-section-height-default\" data-id=\"6560caad\" data-element_type=\"section\" data-e-type=\"section\">\n\t\t\t\t\t\t<div class=\"elementor-container elementor-column-gap-default\">\n\t\t\t\t\t<div class=\"elementor-column elementor-col-50 elementor-inner-column elementor-element elementor-element-4f406968\" data-id=\"4f406968\" data-element_type=\"column\" data-e-type=\"column\">\n\t\t\t<div class=\"elementor-widget-wrap elementor-element-populated\">\n\t\t\t\t\t\t<div class=\"elementor-element elementor-element-a0bd077 elementor-widget elementor-widget-image\" data-id=\"a0bd077\" data-element_type=\"widget\" data-e-type=\"widget\" data-widget_type=\"image.default\">\n\t\t\t\t<div class=\"elementor-widget-container\">\n\t\t\t\t\t\t\t\t\t\t\t\t\t\t\t<img loading=\"lazy\" decoding=\"async\" width=\"1024\" height=\"1024\" src=\"https:\/\/www.factura-e.mx\/blog\/wp-content\/uploads\/2023\/04\/estadisticas-facturacion-electronica-1024x1024.jpg\" class=\"attachment-large size-large wp-image-5642\" alt=\"Facturas Emitidas por PAC&#039;s\" srcset=\"https:\/\/www.factura-e.mx\/blog\/wp-content\/uploads\/2023\/04\/estadisticas-facturacion-electronica-1024x1024.jpg 1024w, https:\/\/www.factura-e.mx\/blog\/wp-content\/uploads\/2023\/04\/estadisticas-facturacion-electronica-300x300.jpg 300w, https:\/\/www.factura-e.mx\/blog\/wp-content\/uploads\/2023\/04\/estadisticas-facturacion-electronica-150x150.jpg 150w, https:\/\/www.factura-e.mx\/blog\/wp-content\/uploads\/2023\/04\/estadisticas-facturacion-electronica-768x768.jpg 768w, https:\/\/www.factura-e.mx\/blog\/wp-content\/uploads\/2023\/04\/estadisticas-facturacion-electronica-600x600.jpg 600w, https:\/\/www.factura-e.mx\/blog\/wp-content\/uploads\/2023\/04\/estadisticas-facturacion-electronica.jpg 1080w\" sizes=\"(max-width: 1024px) 100vw, 1024px\" \/>\t\t\t\t\t\t\t\t\t\t\t\t\t\t\t<\/div>\n\t\t\t\t<\/div>\n\t\t\t\t\t<\/div>\n\t\t<\/div>\n\t\t\t\t<div class=\"elementor-column elementor-col-50 elementor-inner-column elementor-element elementor-element-f0457d9\" data-id=\"f0457d9\" data-element_type=\"column\" data-e-type=\"column\">\n\t\t\t<div class=\"elementor-widget-wrap elementor-element-populated\">\n\t\t\t\t\t\t<div class=\"elementor-element elementor-element-1be5fc2 elementor-widget elementor-widget-text-editor\" data-id=\"1be5fc2\" data-element_type=\"widget\" data-e-type=\"widget\" data-widget_type=\"text-editor.default\">\n\t\t\t\t<div class=\"elementor-widget-container\">\n\t\t\t\t\t\t\t\t\t<h2><b>Proveedores Autorizados de Certificaci\u00f3n (PAC\u00b4S).<\/b><\/h2><p>Con el fin de agilizar la transici\u00f3n y darle certeza a los contribuyentes, el SAT inform\u00f3 en el 2010 la creaci\u00f3n de los\u00a0 <b>Proveedores Autorizados de Certificaci\u00f3n (PAC\u00b4S),\u00a0<\/b> que <a href=\"https:\/\/www.factura-e.mx\/paquetes-de-facturacion-electronica\/\">ofrecen paquetes de facturaci\u00f3n electr\u00f3nica<\/a> a las empresas<\/p>\t\t\t\t\t\t\t\t<\/div>\n\t\t\t\t<\/div>\n\t\t\t\t\t<\/div>\n\t\t<\/div>\n\t\t\t\t\t<\/div>\n\t\t<\/section>\n\t\t\t\t\t<\/div>\n\t\t<\/div>\n\t\t\t\t\t<\/div>\n\t\t<\/section>\n\t\t\t\t<section class=\"elementor-section elementor-top-section elementor-element elementor-element-310c1e49 elementor-section-stretched elementor-section-boxed elementor-section-height-default elementor-section-height-default\" data-id=\"310c1e49\" data-element_type=\"section\" data-e-type=\"section\" id=\"1950\" data-settings=\"{&quot;stretch_section&quot;:&quot;section-stretched&quot;,&quot;background_background&quot;:&quot;classic&quot;}\">\n\t\t\t\t\t\t<div class=\"elementor-container elementor-column-gap-default\">\n\t\t\t\t\t<div class=\"elementor-column elementor-col-100 elementor-top-column elementor-element elementor-element-60e98f76\" data-id=\"60e98f76\" data-element_type=\"column\" data-e-type=\"column\">\n\t\t\t<div class=\"elementor-widget-wrap elementor-element-populated\">\n\t\t\t\t\t\t<div class=\"elementor-element elementor-element-104f4b6 elementor-widget elementor-widget-heading\" data-id=\"104f4b6\" data-element_type=\"widget\" data-e-type=\"widget\" id=\"algunos-contribuyentes\" data-widget_type=\"heading.default\">\n\t\t\t\t<div class=\"elementor-widget-container\">\n\t\t\t\t\t<h2 class=\"elementor-heading-title elementor-size-default\">CFDI Obligatorios para algunos contribuyentes <\/h2>\t\t\t\t<\/div>\n\t\t\t\t<\/div>\n\t\t\t\t\t<\/div>\n\t\t<\/div>\n\t\t\t\t\t<\/div>\n\t\t<\/section>\n\t\t\t\t<section class=\"elementor-section elementor-top-section elementor-element elementor-element-716264c2 elementor-section-full_width elementor-section-stretched elementor-section-height-default elementor-section-height-default\" data-id=\"716264c2\" data-element_type=\"section\" data-e-type=\"section\" data-settings=\"{&quot;stretch_section&quot;:&quot;section-stretched&quot;,&quot;background_background&quot;:&quot;classic&quot;}\">\n\t\t\t\t\t\t<div class=\"elementor-container elementor-column-gap-default\">\n\t\t\t\t\t<div class=\"elementor-column elementor-col-100 elementor-top-column elementor-element elementor-element-bce5ae4\" data-id=\"bce5ae4\" data-element_type=\"column\" data-e-type=\"column\">\n\t\t\t<div class=\"elementor-widget-wrap elementor-element-populated\">\n\t\t\t\t\t\t<section class=\"elementor-section elementor-inner-section elementor-element elementor-element-7e1900fc elementor-section-boxed elementor-section-height-default elementor-section-height-default\" data-id=\"7e1900fc\" data-element_type=\"section\" data-e-type=\"section\">\n\t\t\t\t\t\t<div class=\"elementor-container elementor-column-gap-default\">\n\t\t\t\t\t<div class=\"elementor-column elementor-col-50 elementor-inner-column elementor-element elementor-element-3011f250\" data-id=\"3011f250\" data-element_type=\"column\" data-e-type=\"column\">\n\t\t\t<div class=\"elementor-widget-wrap elementor-element-populated\">\n\t\t\t\t\t\t<div class=\"elementor-element elementor-element-5016d5cf elementor-widget elementor-widget-text-editor\" data-id=\"5016d5cf\" data-element_type=\"widget\" data-e-type=\"widget\" data-widget_type=\"text-editor.default\">\n\t\t\t\t<div class=\"elementor-widget-container\">\n\t\t\t\t\t\t\t\t\t<h2><b>2011. M\u00e1s opciones de facturaci\u00f3n<\/b><\/h2><p><span style=\"font-weight: 400;\">El SAT establece el <\/span><b>uso de las facturas electr\u00f3nicas de forma obligatoria para algunos contribuyentes<\/b><span style=\"font-weight: 400;\"> y hasta ese momento exist\u00edan 4 m\u00e9todos de facturaci\u00f3n: <\/span><\/p><p><span style=\"font-weight: 400;\">1. Papel<br \/><\/span><span style=\"color: var( --e-global-color-text ); font-size: 18px; font-weight: 400; letter-spacing: 0.4px;\">2. CFDI (emisi\u00f3n del comprobante por medios propios)<br \/>3. CFDI, obligatorio para las empresas con ingresos mayores a los 4 millones de pesos.<br \/>4. CBB, que utilizaba un C\u00f3digo de Barras Bidimensionales:<\/span><\/p>\t\t\t\t\t\t\t\t<\/div>\n\t\t\t\t<\/div>\n\t\t\t\t<div class=\"elementor-element elementor-element-df556c6 elementor-widget elementor-widget-text-editor\" data-id=\"df556c6\" data-element_type=\"widget\" data-e-type=\"widget\" data-widget_type=\"text-editor.default\">\n\t\t\t\t<div class=\"elementor-widget-container\">\n\t\t\t\t\t\t\t\t\t<p><b>DATO: Mexico recibe un premio en 2011<\/b><\/p><p><span style=\"font-weight: 400;\">En este a\u00f1o M\u00e9xico recibi\u00f3 un premio otorgado por el\u00a0 Centro Interamericano de Administraciones Tributarias <\/span><b>(CIAT)<\/b><span style=\"font-weight: 400;\"> a <\/span><b>la Innovaci\u00f3n de la Administraci\u00f3n Tributaria. <\/b><\/p>\t\t\t\t\t\t\t\t<\/div>\n\t\t\t\t<\/div>\n\t\t\t\t\t<\/div>\n\t\t<\/div>\n\t\t\t\t<div class=\"elementor-column elementor-col-50 elementor-inner-column elementor-element elementor-element-a3bc323\" data-id=\"a3bc323\" data-element_type=\"column\" data-e-type=\"column\">\n\t\t\t<div class=\"elementor-widget-wrap elementor-element-populated\">\n\t\t\t\t\t\t<div class=\"elementor-element elementor-element-99eb21e elementor-widget elementor-widget-image\" data-id=\"99eb21e\" data-element_type=\"widget\" data-e-type=\"widget\" data-widget_type=\"image.default\">\n\t\t\t\t<div class=\"elementor-widget-container\">\n\t\t\t\t\t\t\t\t\t\t\t\t\t\t\t<img loading=\"lazy\" decoding=\"async\" width=\"1024\" height=\"698\" src=\"https:\/\/www.factura-e.mx\/blog\/wp-content\/uploads\/2023\/04\/metodos-de-facturacion-2011-1024x698.jpg\" class=\"attachment-large size-large wp-image-5659\" alt=\"M\u00e9todos de facturaci\u00f3n en 2011\" srcset=\"https:\/\/www.factura-e.mx\/blog\/wp-content\/uploads\/2023\/04\/metodos-de-facturacion-2011-1024x698.jpg 1024w, https:\/\/www.factura-e.mx\/blog\/wp-content\/uploads\/2023\/04\/metodos-de-facturacion-2011-300x205.jpg 300w, https:\/\/www.factura-e.mx\/blog\/wp-content\/uploads\/2023\/04\/metodos-de-facturacion-2011-768x524.jpg 768w, https:\/\/www.factura-e.mx\/blog\/wp-content\/uploads\/2023\/04\/metodos-de-facturacion-2011.jpg 1057w\" sizes=\"(max-width: 1024px) 100vw, 1024px\" \/>\t\t\t\t\t\t\t\t\t\t\t\t\t\t\t<\/div>\n\t\t\t\t<\/div>\n\t\t\t\t<div class=\"elementor-element elementor-element-afa6da2 elementor-widget elementor-widget-text-editor\" data-id=\"afa6da2\" data-element_type=\"widget\" data-e-type=\"widget\" data-widget_type=\"text-editor.default\">\n\t\t\t\t<div class=\"elementor-widget-container\">\n\t\t\t\t\t\t\t\t\t<h2>2011. Implementaci\u00f3n del c\u00f3digo QR<\/h2><p><span style=\"font-weight: 400;\">El c\u00f3digo QR o<strong> c\u00f3digo de barras bidimensional<\/strong> que se encuentra en los CFDI comenz\u00f3 a implementarse en el a\u00f1o 2011, puesto que en este mismo a\u00f1o <strong>el SAT hizo modificaciones importantes<\/strong> a las caracter\u00edsticas de las facturas.<\/span><\/p>\t\t\t\t\t\t\t\t<\/div>\n\t\t\t\t<\/div>\n\t\t\t\t\t<\/div>\n\t\t<\/div>\n\t\t\t\t\t<\/div>\n\t\t<\/section>\n\t\t\t\t\t<\/div>\n\t\t<\/div>\n\t\t\t\t\t<\/div>\n\t\t<\/section>\n\t\t\t\t<section class=\"elementor-section elementor-top-section elementor-element elementor-element-96cdec5 elementor-section-boxed elementor-section-height-default elementor-section-height-default\" data-id=\"96cdec5\" data-element_type=\"section\" data-e-type=\"section\">\n\t\t\t\t\t\t<div class=\"elementor-container elementor-column-gap-default\">\n\t\t\t\t\t<div class=\"elementor-column elementor-col-50 elementor-top-column elementor-element elementor-element-3dafb8c\" data-id=\"3dafb8c\" data-element_type=\"column\" data-e-type=\"column\">\n\t\t\t<div class=\"elementor-widget-wrap elementor-element-populated\">\n\t\t\t\t\t\t<div class=\"elementor-element elementor-element-6957cb5e elementor-widget elementor-widget-text-editor\" data-id=\"6957cb5e\" data-element_type=\"widget\" data-e-type=\"widget\" data-widget_type=\"text-editor.default\">\n\t\t\t\t<div class=\"elementor-widget-container\">\n\t\t\t\t\t\t\t\t\t<h2><b>2012. Entra en funciones la versi\u00f3n CFDI 2.2<\/b><\/h2><p>Las versiones de facturaci\u00f3n y los procesos comienzan a optimizarse. Siendo el 2012 el a\u00f1o en que el SAT hace mediciones en el sistema de facturaci\u00f3n y se implementa la versi\u00f3n 2.0.<\/p><p>Para la versi\u00f3n 2.2 los comprobantes fiscales s\u00f3lo requieren lo siguiente:\u00a0<\/p>\t\t\t\t\t\t\t\t<\/div>\n\t\t\t\t<\/div>\n\t\t\t\t<section class=\"elementor-section elementor-inner-section elementor-element elementor-element-70ef2e9 elementor-section-boxed elementor-section-height-default elementor-section-height-default\" data-id=\"70ef2e9\" data-element_type=\"section\" data-e-type=\"section\">\n\t\t\t\t\t\t<div class=\"elementor-container elementor-column-gap-default\">\n\t\t\t\t\t<div class=\"elementor-column elementor-col-50 elementor-inner-column elementor-element elementor-element-2612c2b\" data-id=\"2612c2b\" data-element_type=\"column\" data-e-type=\"column\">\n\t\t\t<div class=\"elementor-widget-wrap elementor-element-populated\">\n\t\t\t\t\t\t<div class=\"elementor-element elementor-element-94db303 elementor-icon-list--layout-traditional elementor-list-item-link-full_width elementor-widget elementor-widget-icon-list\" data-id=\"94db303\" data-element_type=\"widget\" data-e-type=\"widget\" data-widget_type=\"icon-list.default\">\n\t\t\t\t<div class=\"elementor-widget-container\">\n\t\t\t\t\t\t\t<ul class=\"elementor-icon-list-items\">\n\t\t\t\t\t\t\t<li class=\"elementor-icon-list-item\">\n\t\t\t\t\t\t\t\t\t\t\t<span class=\"elementor-icon-list-icon\">\n\t\t\t\t\t\t\t<i aria-hidden=\"true\" class=\"fas fa-check\"><\/i>\t\t\t\t\t\t<\/span>\n\t\t\t\t\t\t\t\t\t\t<span class=\"elementor-icon-list-text\">RFC del Receptor <\/span>\n\t\t\t\t\t\t\t\t\t<\/li>\n\t\t\t\t\t\t\t\t<li class=\"elementor-icon-list-item\">\n\t\t\t\t\t\t\t\t\t\t\t<span class=\"elementor-icon-list-icon\">\n\t\t\t\t\t\t\t<i aria-hidden=\"true\" class=\"fas fa-check\"><\/i>\t\t\t\t\t\t<\/span>\n\t\t\t\t\t\t\t\t\t\t<span class=\"elementor-icon-list-text\">RFC del Emisor <\/span>\n\t\t\t\t\t\t\t\t\t<\/li>\n\t\t\t\t\t\t\t\t<li class=\"elementor-icon-list-item\">\n\t\t\t\t\t\t\t\t\t\t\t<span class=\"elementor-icon-list-icon\">\n\t\t\t\t\t\t\t<i aria-hidden=\"true\" class=\"fas fa-check\"><\/i>\t\t\t\t\t\t<\/span>\n\t\t\t\t\t\t\t\t\t\t<span class=\"elementor-icon-list-text\">R\u00e9gimen Fiscal <\/span>\n\t\t\t\t\t\t\t\t\t<\/li>\n\t\t\t\t\t\t\t\t<li class=\"elementor-icon-list-item\">\n\t\t\t\t\t\t\t\t\t\t\t<span class=\"elementor-icon-list-icon\">\n\t\t\t\t\t\t\t<i aria-hidden=\"true\" class=\"fas fa-check\"><\/i>\t\t\t\t\t\t<\/span>\n\t\t\t\t\t\t\t\t\t\t<span class=\"elementor-icon-list-text\">Folio Certificado <\/span>\n\t\t\t\t\t\t\t\t\t<\/li>\n\t\t\t\t\t\t\t\t<li class=\"elementor-icon-list-item\">\n\t\t\t\t\t\t\t\t\t\t\t<span class=\"elementor-icon-list-icon\">\n\t\t\t\t\t\t\t<i aria-hidden=\"true\" class=\"fas fa-check\"><\/i>\t\t\t\t\t\t<\/span>\n\t\t\t\t\t\t\t\t\t\t<span class=\"elementor-icon-list-text\">Fecha y Hora <\/span>\n\t\t\t\t\t\t\t\t\t<\/li>\n\t\t\t\t\t\t\t\t<li class=\"elementor-icon-list-item\">\n\t\t\t\t\t\t\t\t\t\t\t<span class=\"elementor-icon-list-icon\">\n\t\t\t\t\t\t\t<i aria-hidden=\"true\" class=\"fas fa-check\"><\/i>\t\t\t\t\t\t<\/span>\n\t\t\t\t\t\t\t\t\t\t<span class=\"elementor-icon-list-text\">Cantidad <\/span>\n\t\t\t\t\t\t\t\t\t<\/li>\n\t\t\t\t\t\t<\/ul>\n\t\t\t\t\t\t<\/div>\n\t\t\t\t<\/div>\n\t\t\t\t\t<\/div>\n\t\t<\/div>\n\t\t\t\t<div class=\"elementor-column elementor-col-50 elementor-inner-column elementor-element elementor-element-1e5baf8\" data-id=\"1e5baf8\" data-element_type=\"column\" data-e-type=\"column\">\n\t\t\t<div class=\"elementor-widget-wrap elementor-element-populated\">\n\t\t\t\t\t\t<div class=\"elementor-element elementor-element-57ec0f7 elementor-icon-list--layout-traditional elementor-list-item-link-full_width elementor-widget elementor-widget-icon-list\" data-id=\"57ec0f7\" data-element_type=\"widget\" data-e-type=\"widget\" data-widget_type=\"icon-list.default\">\n\t\t\t\t<div class=\"elementor-widget-container\">\n\t\t\t\t\t\t\t<ul class=\"elementor-icon-list-items\">\n\t\t\t\t\t\t\t<li class=\"elementor-icon-list-item\">\n\t\t\t\t\t\t\t\t\t\t\t<span class=\"elementor-icon-list-icon\">\n\t\t\t\t\t\t\t<i aria-hidden=\"true\" class=\"fas fa-check\"><\/i>\t\t\t\t\t\t<\/span>\n\t\t\t\t\t\t\t\t\t\t<span class=\"elementor-icon-list-text\">Unidad <\/span>\n\t\t\t\t\t\t\t\t\t<\/li>\n\t\t\t\t\t\t\t\t<li class=\"elementor-icon-list-item\">\n\t\t\t\t\t\t\t\t\t\t\t<span class=\"elementor-icon-list-icon\">\n\t\t\t\t\t\t\t<i aria-hidden=\"true\" class=\"fas fa-check\"><\/i>\t\t\t\t\t\t<\/span>\n\t\t\t\t\t\t\t\t\t\t<span class=\"elementor-icon-list-text\">Descripci\u00f3n <\/span>\n\t\t\t\t\t\t\t\t\t<\/li>\n\t\t\t\t\t\t\t\t<li class=\"elementor-icon-list-item\">\n\t\t\t\t\t\t\t\t\t\t\t<span class=\"elementor-icon-list-icon\">\n\t\t\t\t\t\t\t<i aria-hidden=\"true\" class=\"fas fa-check\"><\/i>\t\t\t\t\t\t<\/span>\n\t\t\t\t\t\t\t\t\t\t<span class=\"elementor-icon-list-text\">Impuestos aplicados <\/span>\n\t\t\t\t\t\t\t\t\t<\/li>\n\t\t\t\t\t\t\t\t<li class=\"elementor-icon-list-item\">\n\t\t\t\t\t\t\t\t\t\t\t<span class=\"elementor-icon-list-icon\">\n\t\t\t\t\t\t\t<i aria-hidden=\"true\" class=\"fas fa-check\"><\/i>\t\t\t\t\t\t<\/span>\n\t\t\t\t\t\t\t\t\t\t<span class=\"elementor-icon-list-text\">Sello digital <\/span>\n\t\t\t\t\t\t\t\t\t<\/li>\n\t\t\t\t\t\t\t\t<li class=\"elementor-icon-list-item\">\n\t\t\t\t\t\t\t\t\t\t\t<span class=\"elementor-icon-list-icon\">\n\t\t\t\t\t\t\t<i aria-hidden=\"true\" class=\"fas fa-check\"><\/i>\t\t\t\t\t\t<\/span>\n\t\t\t\t\t\t\t\t\t\t<span class=\"elementor-icon-list-text\">Sello de seguridad del SAT <\/span>\n\t\t\t\t\t\t\t\t\t<\/li>\n\t\t\t\t\t\t\t\t<li class=\"elementor-icon-list-item\">\n\t\t\t\t\t\t\t\t\t\t\t<span class=\"elementor-icon-list-icon\">\n\t\t\t\t\t\t\t<i aria-hidden=\"true\" class=\"fas fa-check\"><\/i>\t\t\t\t\t\t<\/span>\n\t\t\t\t\t\t\t\t\t\t<span class=\"elementor-icon-list-text\">C\u00f3digo CBB<\/span>\n\t\t\t\t\t\t\t\t\t<\/li>\n\t\t\t\t\t\t<\/ul>\n\t\t\t\t\t\t<\/div>\n\t\t\t\t<\/div>\n\t\t\t\t\t<\/div>\n\t\t<\/div>\n\t\t\t\t\t<\/div>\n\t\t<\/section>\n\t\t\t\t\t<\/div>\n\t\t<\/div>\n\t\t\t\t<div class=\"elementor-column elementor-col-50 elementor-top-column elementor-element elementor-element-0d4a96f\" data-id=\"0d4a96f\" data-element_type=\"column\" data-e-type=\"column\">\n\t\t\t<div class=\"elementor-widget-wrap elementor-element-populated\">\n\t\t\t\t\t\t<div class=\"elementor-element elementor-element-1ace3db elementor-widget elementor-widget-image\" data-id=\"1ace3db\" data-element_type=\"widget\" data-e-type=\"widget\" data-widget_type=\"image.default\">\n\t\t\t\t<div class=\"elementor-widget-container\">\n\t\t\t\t\t\t\t\t\t\t\t\t\t\t\t<img loading=\"lazy\" decoding=\"async\" width=\"477\" height=\"630\" src=\"https:\/\/www.factura-e.mx\/blog\/wp-content\/uploads\/2023\/04\/ejemplo-cfdi-2.jpg\" class=\"attachment-large size-large wp-image-5660\" alt=\"Ejemplo de CFDI 2.2\" srcset=\"https:\/\/www.factura-e.mx\/blog\/wp-content\/uploads\/2023\/04\/ejemplo-cfdi-2.jpg 477w, https:\/\/www.factura-e.mx\/blog\/wp-content\/uploads\/2023\/04\/ejemplo-cfdi-2-227x300.jpg 227w\" sizes=\"(max-width: 477px) 100vw, 477px\" \/>\t\t\t\t\t\t\t\t\t\t\t\t\t\t\t<\/div>\n\t\t\t\t<\/div>\n\t\t\t\t<div class=\"elementor-element elementor-element-058efdd elementor-view-framed elementor-position-inline-start elementor-shape-circle elementor-mobile-position-block-start elementor-widget elementor-widget-icon-box\" data-id=\"058efdd\" data-element_type=\"widget\" data-e-type=\"widget\" data-widget_type=\"icon-box.default\">\n\t\t\t\t<div class=\"elementor-widget-container\">\n\t\t\t\t\t\t\t<div class=\"elementor-icon-box-wrapper\">\n\n\t\t\t\t\t\t<div class=\"elementor-icon-box-icon\">\n\t\t\t\t<span  class=\"elementor-icon\">\n\t\t\t\t<i aria-hidden=\"true\" class=\"fas fa-desktop\"><\/i>\t\t\t\t<\/span>\n\t\t\t<\/div>\n\t\t\t\n\t\t\t\t\t\t<div class=\"elementor-icon-box-content\">\n\n\t\t\t\t\t\t\t\t\t<h3 class=\"elementor-icon-box-title\">\n\t\t\t\t\t\t<span  >\n\t\t\t\t\t\t\tDATO:\t\t\t\t\t\t<\/span>\n\t\t\t\t\t<\/h3>\n\t\t\t\t\n\t\t\t\t\t\t\t\t\t<p class=\"elementor-icon-box-description\">\n\t\t\t\t\t\tEl 2012 fue el \u00faltimo a\u00f1o en que se permitieron emitir facturas electr\u00f3nicas en papel.&nbsp;\t\t\t\t\t<\/p>\n\t\t\t\t\n\t\t\t<\/div>\n\t\t\t\n\t\t<\/div>\n\t\t\t\t\t\t<\/div>\n\t\t\t\t<\/div>\n\t\t\t\t\t<\/div>\n\t\t<\/div>\n\t\t\t\t\t<\/div>\n\t\t<\/section>\n\t\t\t\t<section class=\"elementor-section elementor-top-section elementor-element elementor-element-33931c75 elementor-section-stretched elementor-section-boxed elementor-section-height-default elementor-section-height-default\" data-id=\"33931c75\" data-element_type=\"section\" data-e-type=\"section\" id=\"1980\" data-settings=\"{&quot;stretch_section&quot;:&quot;section-stretched&quot;,&quot;background_background&quot;:&quot;classic&quot;}\">\n\t\t\t\t\t\t<div class=\"elementor-container elementor-column-gap-default\">\n\t\t\t\t\t<div class=\"elementor-column elementor-col-100 elementor-top-column elementor-element elementor-element-3cb2c09f\" data-id=\"3cb2c09f\" data-element_type=\"column\" data-e-type=\"column\">\n\t\t\t<div class=\"elementor-widget-wrap elementor-element-populated\">\n\t\t\t\t\t\t<div class=\"elementor-element elementor-element-aa15ba5 elementor-widget elementor-widget-heading\" data-id=\"aa15ba5\" data-element_type=\"widget\" data-e-type=\"widget\" id=\"factura-obligatoria\" data-widget_type=\"heading.default\">\n\t\t\t\t<div class=\"elementor-widget-container\">\n\t\t\t\t\t<h2 class=\"elementor-heading-title elementor-size-default\">Factura Electr\u00f3nica Obligatoria <\/h2>\t\t\t\t<\/div>\n\t\t\t\t<\/div>\n\t\t\t\t\t<\/div>\n\t\t<\/div>\n\t\t\t\t\t<\/div>\n\t\t<\/section>\n\t\t\t\t<section class=\"elementor-section elementor-top-section elementor-element elementor-element-ed5446d elementor-section-full_width elementor-section-stretched elementor-section-height-default elementor-section-height-default\" data-id=\"ed5446d\" data-element_type=\"section\" data-e-type=\"section\" data-settings=\"{&quot;stretch_section&quot;:&quot;section-stretched&quot;,&quot;background_background&quot;:&quot;classic&quot;}\">\n\t\t\t\t\t\t<div class=\"elementor-container elementor-column-gap-default\">\n\t\t\t\t\t<div class=\"elementor-column elementor-col-100 elementor-top-column elementor-element elementor-element-29166b72\" data-id=\"29166b72\" data-element_type=\"column\" data-e-type=\"column\">\n\t\t\t<div class=\"elementor-widget-wrap elementor-element-populated\">\n\t\t\t\t\t\t<section class=\"elementor-section elementor-inner-section elementor-element elementor-element-7f52284e elementor-section-boxed elementor-section-height-default elementor-section-height-default\" data-id=\"7f52284e\" data-element_type=\"section\" data-e-type=\"section\">\n\t\t\t\t\t\t<div class=\"elementor-container elementor-column-gap-default\">\n\t\t\t\t\t<div class=\"elementor-column elementor-col-50 elementor-inner-column elementor-element elementor-element-32bc5617\" data-id=\"32bc5617\" data-element_type=\"column\" data-e-type=\"column\">\n\t\t\t<div class=\"elementor-widget-wrap elementor-element-populated\">\n\t\t\t\t\t\t<div class=\"elementor-element elementor-element-71588a7b elementor-widget elementor-widget-image\" data-id=\"71588a7b\" data-element_type=\"widget\" data-e-type=\"widget\" data-widget_type=\"image.default\">\n\t\t\t\t<div class=\"elementor-widget-container\">\n\t\t\t\t\t\t\t\t\t\t\t\t\t\t\t<img loading=\"lazy\" decoding=\"async\" width=\"1024\" height=\"1024\" src=\"https:\/\/www.factura-e.mx\/blog\/wp-content\/uploads\/2023\/04\/estadisticas-emisores-de-facturas-1024x1024.jpg\" class=\"attachment-large size-large wp-image-5664\" alt=\"N\u00famero de emisores de facturas en M\u00e9xico 2011 a 2021\" srcset=\"https:\/\/www.factura-e.mx\/blog\/wp-content\/uploads\/2023\/04\/estadisticas-emisores-de-facturas-1024x1024.jpg 1024w, https:\/\/www.factura-e.mx\/blog\/wp-content\/uploads\/2023\/04\/estadisticas-emisores-de-facturas-300x300.jpg 300w, https:\/\/www.factura-e.mx\/blog\/wp-content\/uploads\/2023\/04\/estadisticas-emisores-de-facturas-150x150.jpg 150w, https:\/\/www.factura-e.mx\/blog\/wp-content\/uploads\/2023\/04\/estadisticas-emisores-de-facturas-768x768.jpg 768w, https:\/\/www.factura-e.mx\/blog\/wp-content\/uploads\/2023\/04\/estadisticas-emisores-de-facturas-600x600.jpg 600w, https:\/\/www.factura-e.mx\/blog\/wp-content\/uploads\/2023\/04\/estadisticas-emisores-de-facturas.jpg 1080w\" sizes=\"(max-width: 1024px) 100vw, 1024px\" \/>\t\t\t\t\t\t\t\t\t\t\t\t\t\t\t<\/div>\n\t\t\t\t<\/div>\n\t\t\t\t\t<\/div>\n\t\t<\/div>\n\t\t\t\t<div class=\"elementor-column elementor-col-50 elementor-inner-column elementor-element elementor-element-7111e7fa\" data-id=\"7111e7fa\" data-element_type=\"column\" data-e-type=\"column\">\n\t\t\t<div class=\"elementor-widget-wrap elementor-element-populated\">\n\t\t\t\t\t\t<div class=\"elementor-element elementor-element-34560987 elementor-widget elementor-widget-text-editor\" data-id=\"34560987\" data-element_type=\"widget\" data-e-type=\"widget\" data-widget_type=\"text-editor.default\">\n\t\t\t\t<div class=\"elementor-widget-container\">\n\t\t\t\t\t\t\t\t\t<h2><b>2014. Todos los contribuyentes deben emitir facturas electr\u00f3nicas\u00a0<\/b><\/h2><p>Despu\u00e9s casi 10 a\u00f1os, la transici\u00f3n a la facturaci\u00f3n electr\u00f3nica es completa en M\u00e9xico.\u00a0<\/p><p>Este a\u00f1o entraron en cambios las reformas y ahora todos los contribuyentes deben emitir solo facturas electr\u00f3nicas.\u00a0<\/p>\t\t\t\t\t\t\t\t<\/div>\n\t\t\t\t<\/div>\n\t\t\t\t\t<\/div>\n\t\t<\/div>\n\t\t\t\t\t<\/div>\n\t\t<\/section>\n\t\t\t\t\t<\/div>\n\t\t<\/div>\n\t\t\t\t\t<\/div>\n\t\t<\/section>\n\t\t\t\t<section class=\"elementor-section elementor-top-section elementor-element elementor-element-d9fd9c2 elementor-section-full_width elementor-section-stretched elementor-section-height-default elementor-section-height-default\" data-id=\"d9fd9c2\" data-element_type=\"section\" data-e-type=\"section\" data-settings=\"{&quot;stretch_section&quot;:&quot;section-stretched&quot;,&quot;background_background&quot;:&quot;classic&quot;}\">\n\t\t\t\t\t\t<div class=\"elementor-container elementor-column-gap-default\">\n\t\t\t\t\t<div class=\"elementor-column elementor-col-100 elementor-top-column elementor-element elementor-element-e2fa62d\" data-id=\"e2fa62d\" data-element_type=\"column\" data-e-type=\"column\">\n\t\t\t<div class=\"elementor-widget-wrap\">\n\t\t\t\t\t\t\t<\/div>\n\t\t<\/div>\n\t\t\t\t\t<\/div>\n\t\t<\/section>\n\t\t\t\t<section class=\"elementor-section elementor-top-section elementor-element elementor-element-4c176289 elementor-section-full_width elementor-section-stretched elementor-section-height-default elementor-section-height-default\" data-id=\"4c176289\" data-element_type=\"section\" data-e-type=\"section\" data-settings=\"{&quot;stretch_section&quot;:&quot;section-stretched&quot;,&quot;background_background&quot;:&quot;classic&quot;}\">\n\t\t\t\t\t\t<div class=\"elementor-container elementor-column-gap-default\">\n\t\t\t\t\t<div class=\"elementor-column elementor-col-100 elementor-top-column elementor-element elementor-element-2756e8fd\" data-id=\"2756e8fd\" data-element_type=\"column\" data-e-type=\"column\">\n\t\t\t<div class=\"elementor-widget-wrap elementor-element-populated\">\n\t\t\t\t\t\t<section class=\"elementor-section elementor-inner-section elementor-element elementor-element-08b8fe6 elementor-section-boxed elementor-section-height-default elementor-section-height-default\" data-id=\"08b8fe6\" data-element_type=\"section\" data-e-type=\"section\">\n\t\t\t\t\t\t<div class=\"elementor-container elementor-column-gap-default\">\n\t\t\t\t\t<div class=\"elementor-column elementor-col-50 elementor-inner-column elementor-element elementor-element-50df817\" data-id=\"50df817\" data-element_type=\"column\" data-e-type=\"column\">\n\t\t\t<div class=\"elementor-widget-wrap elementor-element-populated\">\n\t\t\t\t\t\t<div class=\"elementor-element elementor-element-e1d8dbf elementor-widget elementor-widget-text-editor\" data-id=\"e1d8dbf\" data-element_type=\"widget\" data-e-type=\"widget\" data-widget_type=\"text-editor.default\">\n\t\t\t\t<div class=\"elementor-widget-container\">\n\t\t\t\t\t\t\t\t\t<h2><b>2014. D<\/b><b>esaparecen el <\/b><b><\/b><b>CFD y CBB\u00a0<\/b><\/h2><p><span style=\"font-weight: 400;\">El Diario Oficial de la Federaci\u00f3n (DOF) anunci\u00f3 la <\/span><b>eliminaci\u00f3n del CBB y CFD <\/b><span style=\"font-weight: 400;\">para que el CFDI se convierta en el \u00fanico comprobante fiscal permitido.\u00a0<\/span><\/p>\t\t\t\t\t\t\t\t<\/div>\n\t\t\t\t<\/div>\n\t\t\t\t<div class=\"elementor-element elementor-element-34357b7a elementor-widget elementor-widget-text-editor\" data-id=\"34357b7a\" data-element_type=\"widget\" data-e-type=\"widget\" data-widget_type=\"text-editor.default\">\n\t\t\t\t<div class=\"elementor-widget-container\">\n\t\t\t\t\t\t\t\t\t<h2><b>2014. Nace el CFDI para Recibos de N\u00f3mina\u00a0<\/b><\/h2><p>Con el fin de regular lo relacionado al timbrado de N\u00f3mina el SAT inform\u00f3 que entrar\u00eda en vigor un <a href=\"https:\/\/www.cfdi.org.mx\/tipos-de-cfdi\/nomina\/\" target=\"_blank\" rel=\"noopener\">nuevo tipo de CFDI aplicable a los recibos de n\u00f3mina,<\/a> que deben utilizar todos <u><a href=\"https:\/\/www.factura-e.mx\/sistema-de-timbrado-de-nomina\/\">los sistemas de timbrado de n\u00f3mina<\/a>.<\/u><\/p>\t\t\t\t\t\t\t\t<\/div>\n\t\t\t\t<\/div>\n\t\t\t\t\t<\/div>\n\t\t<\/div>\n\t\t\t\t<div class=\"elementor-column elementor-col-50 elementor-inner-column elementor-element elementor-element-97effe9\" data-id=\"97effe9\" data-element_type=\"column\" data-e-type=\"column\">\n\t\t\t<div class=\"elementor-widget-wrap elementor-element-populated\">\n\t\t\t\t\t\t<div class=\"elementor-element elementor-element-e8cbe8a elementor-widget elementor-widget-image\" data-id=\"e8cbe8a\" data-element_type=\"widget\" data-e-type=\"widget\" data-widget_type=\"image.default\">\n\t\t\t\t<div class=\"elementor-widget-container\">\n\t\t\t\t\t\t\t\t\t\t\t\t\t\t\t<img loading=\"lazy\" decoding=\"async\" width=\"1024\" height=\"1024\" src=\"https:\/\/www.factura-e.mx\/blog\/wp-content\/uploads\/2023\/04\/estadisticas-facturacion-electronica-emitidas-1024x1024.jpg\" class=\"attachment-large size-large wp-image-5727\" alt=\"N\u00famero de facturas emitidas en M\u00e9xico 2011 a 2021\" srcset=\"https:\/\/www.factura-e.mx\/blog\/wp-content\/uploads\/2023\/04\/estadisticas-facturacion-electronica-emitidas-1024x1024.jpg 1024w, https:\/\/www.factura-e.mx\/blog\/wp-content\/uploads\/2023\/04\/estadisticas-facturacion-electronica-emitidas-300x300.jpg 300w, https:\/\/www.factura-e.mx\/blog\/wp-content\/uploads\/2023\/04\/estadisticas-facturacion-electronica-emitidas-150x150.jpg 150w, https:\/\/www.factura-e.mx\/blog\/wp-content\/uploads\/2023\/04\/estadisticas-facturacion-electronica-emitidas-768x768.jpg 768w, https:\/\/www.factura-e.mx\/blog\/wp-content\/uploads\/2023\/04\/estadisticas-facturacion-electronica-emitidas-600x600.jpg 600w, https:\/\/www.factura-e.mx\/blog\/wp-content\/uploads\/2023\/04\/estadisticas-facturacion-electronica-emitidas.jpg 1080w\" sizes=\"(max-width: 1024px) 100vw, 1024px\" \/>\t\t\t\t\t\t\t\t\t\t\t\t\t\t\t<\/div>\n\t\t\t\t<\/div>\n\t\t\t\t<div class=\"elementor-element elementor-element-0a7f3c5 elementor-widget elementor-widget-text-editor\" data-id=\"0a7f3c5\" data-element_type=\"widget\" data-e-type=\"widget\" data-widget_type=\"text-editor.default\">\n\t\t\t\t<div class=\"elementor-widget-container\">\n\t\t\t\t\t\t\t\t\t<p><em>Fuente: <a href=\"https:\/\/amexipac.org\/estadisticas\/\" rel=\"sponsored noopener\" target=\"_blank\">https:\/\/amexipac.org\/estadisticas<\/a><\/em><\/p>\t\t\t\t\t\t\t\t<\/div>\n\t\t\t\t<\/div>\n\t\t\t\t\t<\/div>\n\t\t<\/div>\n\t\t\t\t\t<\/div>\n\t\t<\/section>\n\t\t\t\t<section class=\"elementor-section elementor-inner-section elementor-element elementor-element-545ec9e6 elementor-section-boxed elementor-section-height-default elementor-section-height-default\" data-id=\"545ec9e6\" data-element_type=\"section\" data-e-type=\"section\">\n\t\t\t\t\t\t<div class=\"elementor-container elementor-column-gap-default\">\n\t\t\t\t\t<div class=\"elementor-column elementor-col-100 elementor-inner-column elementor-element elementor-element-502e4bad\" data-id=\"502e4bad\" data-element_type=\"column\" data-e-type=\"column\">\n\t\t\t<div class=\"elementor-widget-wrap\">\n\t\t\t\t\t\t\t<\/div>\n\t\t<\/div>\n\t\t\t\t\t<\/div>\n\t\t<\/section>\n\t\t\t\t\t<\/div>\n\t\t<\/div>\n\t\t\t\t\t<\/div>\n\t\t<\/section>\n\t\t\t\t<section class=\"elementor-section elementor-top-section elementor-element elementor-element-74005a17 elementor-section-stretched elementor-section-boxed elementor-section-height-default elementor-section-height-default\" data-id=\"74005a17\" data-element_type=\"section\" data-e-type=\"section\" id=\"2010\" data-settings=\"{&quot;stretch_section&quot;:&quot;section-stretched&quot;,&quot;background_background&quot;:&quot;classic&quot;}\">\n\t\t\t\t\t\t<div class=\"elementor-container elementor-column-gap-default\">\n\t\t\t\t\t<div class=\"elementor-column elementor-col-100 elementor-top-column elementor-element elementor-element-3f37bdcf\" data-id=\"3f37bdcf\" data-element_type=\"column\" data-e-type=\"column\">\n\t\t\t<div class=\"elementor-widget-wrap elementor-element-populated\">\n\t\t\t\t\t\t<div class=\"elementor-element elementor-element-26372aaf elementor-widget elementor-widget-heading\" data-id=\"26372aaf\" data-element_type=\"widget\" data-e-type=\"widget\" id=\"cfdi-3-3\" data-widget_type=\"heading.default\">\n\t\t\t\t<div class=\"elementor-widget-container\">\n\t\t\t\t\t<h2 class=\"elementor-heading-title elementor-size-default\">Llega la versi\u00f3n 3.3 del CFDI\n<\/h2>\t\t\t\t<\/div>\n\t\t\t\t<\/div>\n\t\t\t\t\t<\/div>\n\t\t<\/div>\n\t\t\t\t\t<\/div>\n\t\t<\/section>\n\t\t\t\t<section class=\"elementor-section elementor-top-section elementor-element elementor-element-388ffe36 elementor-section-stretched elementor-section-boxed elementor-section-height-default elementor-section-height-default\" data-id=\"388ffe36\" data-element_type=\"section\" data-e-type=\"section\" data-settings=\"{&quot;stretch_section&quot;:&quot;section-stretched&quot;,&quot;background_background&quot;:&quot;classic&quot;}\">\n\t\t\t\t\t\t<div class=\"elementor-container elementor-column-gap-default\">\n\t\t\t\t\t<div class=\"elementor-column elementor-col-100 elementor-top-column elementor-element elementor-element-73504d47\" data-id=\"73504d47\" data-element_type=\"column\" data-e-type=\"column\">\n\t\t\t<div class=\"elementor-widget-wrap elementor-element-populated\">\n\t\t\t\t\t\t<section class=\"elementor-section elementor-inner-section elementor-element elementor-element-5f76eb96 elementor-section-boxed elementor-section-height-default elementor-section-height-default\" data-id=\"5f76eb96\" data-element_type=\"section\" data-e-type=\"section\">\n\t\t\t\t\t\t<div class=\"elementor-container elementor-column-gap-default\">\n\t\t\t\t\t<div class=\"elementor-column elementor-col-50 elementor-inner-column elementor-element elementor-element-6a838d19\" data-id=\"6a838d19\" data-element_type=\"column\" data-e-type=\"column\">\n\t\t\t<div class=\"elementor-widget-wrap elementor-element-populated\">\n\t\t\t\t\t\t<div class=\"elementor-element elementor-element-28d00b83 elementor-widget elementor-widget-text-editor\" data-id=\"28d00b83\" data-element_type=\"widget\" data-e-type=\"widget\" data-widget_type=\"text-editor.default\">\n\t\t\t\t<div class=\"elementor-widget-container\">\n\t\t\t\t\t\t\t\t\t<h2><b>2017. CFDI 3.3<\/b><\/h2><p><span style=\"font-weight: 400;\">El sistema de <u><a href=\"https:\/\/www.factura-e.mx\/\">Facturaci\u00f3n<\/a><\/u> sigue evolucionando y agregando nuevos requerimientos. Con ello llega una nueva versi\u00f3n, el CFDI 3.3 a trav\u00e9s de una modificaci\u00f3n al anexo 20.<\/span><\/p>\t\t\t\t\t\t\t\t<\/div>\n\t\t\t\t<\/div>\n\t\t\t\t<div class=\"elementor-element elementor-element-367ade9 elementor-widget elementor-widget-text-editor\" data-id=\"367ade9\" data-element_type=\"widget\" data-e-type=\"widget\" data-widget_type=\"text-editor.default\">\n\t\t\t\t<div class=\"elementor-widget-container\">\n\t\t\t\t\t\t\t\t\t<h2><b>Estandarizaci\u00f3n de informaci\u00f3n\u00a0<\/b><\/h2><p><span style=\"font-weight: 400;\">Con el fin de tener mayor informaci\u00f3n tributaria, el SAT emiti\u00f3 una publicaci\u00f3n sobre los cat\u00e1logos del CFDI instrumento auxiliar y <a href=\"https:\/\/www.factura-e.mx\/folios-digitales\/\">folios digitales<\/a>.<\/span><\/p><p>\u00a0<\/p>\t\t\t\t\t\t\t\t<\/div>\n\t\t\t\t<\/div>\n\t\t\t\t<div class=\"elementor-element elementor-element-aaf1bcf elementor-widget elementor-widget-text-editor\" data-id=\"aaf1bcf\" data-element_type=\"widget\" data-e-type=\"widget\" data-widget_type=\"text-editor.default\">\n\t\t\t\t<div class=\"elementor-widget-container\">\n\t\t\t\t\t\t\t\t\t<h2><b>Modificaciones del QR en el CFDI 3.3<\/b><\/h2><p>En el 2017 se realizaron <strong>modificaciones con la llegada del CFDI 3.3<\/strong> en donde se estableci\u00f3 que este c\u00f3digo estuviera en la factura en forma cuadrada. <strong>Un c\u00f3digo QR es imposible de falsificar<\/strong> y es la mejor verificaci\u00f3n para saber si la factura es veridica.<\/p>\t\t\t\t\t\t\t\t<\/div>\n\t\t\t\t<\/div>\n\t\t\t\t\t<\/div>\n\t\t<\/div>\n\t\t\t\t<div class=\"elementor-column elementor-col-50 elementor-inner-column elementor-element elementor-element-6165f8d7\" data-id=\"6165f8d7\" data-element_type=\"column\" data-e-type=\"column\">\n\t\t\t<div class=\"elementor-widget-wrap elementor-element-populated\">\n\t\t\t\t\t\t<div class=\"elementor-element elementor-element-424ebd27 elementor-widget elementor-widget-image\" data-id=\"424ebd27\" data-element_type=\"widget\" data-e-type=\"widget\" data-widget_type=\"image.default\">\n\t\t\t\t<div class=\"elementor-widget-container\">\n\t\t\t\t\t\t\t\t\t\t\t\t\t\t\t<img loading=\"lazy\" decoding=\"async\" width=\"588\" height=\"828\" src=\"https:\/\/www.factura-e.mx\/blog\/wp-content\/uploads\/2023\/04\/ejemplo-cfdi-3-3.jpg\" class=\"attachment-large size-large wp-image-5669\" alt=\"Ejemplo de CFDI 3.3\" srcset=\"https:\/\/www.factura-e.mx\/blog\/wp-content\/uploads\/2023\/04\/ejemplo-cfdi-3-3.jpg 588w, https:\/\/www.factura-e.mx\/blog\/wp-content\/uploads\/2023\/04\/ejemplo-cfdi-3-3-213x300.jpg 213w\" sizes=\"(max-width: 588px) 100vw, 588px\" \/>\t\t\t\t\t\t\t\t\t\t\t\t\t\t\t<\/div>\n\t\t\t\t<\/div>\n\t\t\t\t\t<\/div>\n\t\t<\/div>\n\t\t\t\t\t<\/div>\n\t\t<\/section>\n\t\t\t\t\t<\/div>\n\t\t<\/div>\n\t\t\t\t\t<\/div>\n\t\t<\/section>\n\t\t\t\t<section class=\"elementor-section elementor-top-section elementor-element elementor-element-b1151da elementor-section-stretched elementor-section-boxed elementor-section-height-default elementor-section-height-default\" data-id=\"b1151da\" data-element_type=\"section\" data-e-type=\"section\" data-settings=\"{&quot;stretch_section&quot;:&quot;section-stretched&quot;,&quot;background_background&quot;:&quot;classic&quot;}\">\n\t\t\t\t\t\t<div class=\"elementor-container elementor-column-gap-default\">\n\t\t\t\t\t<div class=\"elementor-column elementor-col-100 elementor-top-column elementor-element elementor-element-2c401376\" data-id=\"2c401376\" data-element_type=\"column\" data-e-type=\"column\">\n\t\t\t<div class=\"elementor-widget-wrap elementor-element-populated\">\n\t\t\t\t\t\t<section class=\"elementor-section elementor-inner-section elementor-element elementor-element-184e598b elementor-section-boxed elementor-section-height-default elementor-section-height-default\" data-id=\"184e598b\" data-element_type=\"section\" data-e-type=\"section\">\n\t\t\t\t\t\t<div class=\"elementor-container elementor-column-gap-default\">\n\t\t\t\t\t<div class=\"elementor-column elementor-col-100 elementor-inner-column elementor-element elementor-element-1e540dee\" data-id=\"1e540dee\" data-element_type=\"column\" data-e-type=\"column\">\n\t\t\t<div class=\"elementor-widget-wrap elementor-element-populated\">\n\t\t\t\t\t\t<div class=\"elementor-element elementor-element-65507050 elementor-widget elementor-widget-text-editor\" data-id=\"65507050\" data-element_type=\"widget\" data-e-type=\"widget\" data-widget_type=\"text-editor.default\">\n\t\t\t\t<div class=\"elementor-widget-container\">\n\t\t\t\t\t\t\t\t\t<h2><strong>Se agrega un nuevo complemento de facturaci\u00f3n<\/strong><\/h2><p>Este mismo a\u00f1o el SAT agrega el complemento de <b>Recepci\u00f3n de Pagos.<\/b><\/p><p><span style=\"font-weight: 400;\">Adicional se establece que para<\/span><b> cancelar facturas <\/b><span style=\"font-weight: 400;\">es necesario llevar a cabo un proceso de <\/span><b>aprobaci\u00f3n <\/b><span style=\"font-weight: 400;\">por parte de los clientes.\u00a0<\/span><\/p>\t\t\t\t\t\t\t\t<\/div>\n\t\t\t\t<\/div>\n\t\t\t\t\t<\/div>\n\t\t<\/div>\n\t\t\t\t\t<\/div>\n\t\t<\/section>\n\t\t\t\t\t<\/div>\n\t\t<\/div>\n\t\t\t\t\t<\/div>\n\t\t<\/section>\n\t\t\t\t<section class=\"elementor-section elementor-top-section elementor-element elementor-element-40f7222 elementor-section-stretched elementor-section-boxed elementor-section-height-default elementor-section-height-default\" data-id=\"40f7222\" data-element_type=\"section\" data-e-type=\"section\" data-settings=\"{&quot;stretch_section&quot;:&quot;section-stretched&quot;,&quot;background_background&quot;:&quot;classic&quot;}\">\n\t\t\t\t\t\t<div class=\"elementor-container elementor-column-gap-default\">\n\t\t\t\t\t<div class=\"elementor-column elementor-col-100 elementor-top-column elementor-element elementor-element-27d96ca\" data-id=\"27d96ca\" data-element_type=\"column\" data-e-type=\"column\">\n\t\t\t<div class=\"elementor-widget-wrap elementor-element-populated\">\n\t\t\t\t\t\t<div class=\"elementor-element elementor-element-1ad74ef elementor-widget elementor-widget-heading\" data-id=\"1ad74ef\" data-element_type=\"widget\" data-e-type=\"widget\" id=\"complemento-de-pago\" data-widget_type=\"heading.default\">\n\t\t\t\t<div class=\"elementor-widget-container\">\n\t\t\t\t\t<h2 class=\"elementor-heading-title elementor-size-default\">Se integra el Complemento de Pago\n\n<\/h2>\t\t\t\t<\/div>\n\t\t\t\t<\/div>\n\t\t\t\t\t<\/div>\n\t\t<\/div>\n\t\t\t\t\t<\/div>\n\t\t<\/section>\n\t\t\t\t<section class=\"elementor-section elementor-top-section elementor-element elementor-element-131e3f0 elementor-section-stretched elementor-section-boxed elementor-section-height-default elementor-section-height-default\" data-id=\"131e3f0\" data-element_type=\"section\" data-e-type=\"section\" data-settings=\"{&quot;stretch_section&quot;:&quot;section-stretched&quot;,&quot;background_background&quot;:&quot;classic&quot;}\">\n\t\t\t\t\t\t<div class=\"elementor-container elementor-column-gap-default\">\n\t\t\t\t\t<div class=\"elementor-column elementor-col-100 elementor-top-column elementor-element elementor-element-1782191\" data-id=\"1782191\" data-element_type=\"column\" data-e-type=\"column\">\n\t\t\t<div class=\"elementor-widget-wrap elementor-element-populated\">\n\t\t\t\t\t\t<section class=\"elementor-section elementor-inner-section elementor-element elementor-element-e77653c elementor-section-boxed elementor-section-height-default elementor-section-height-default\" data-id=\"e77653c\" data-element_type=\"section\" data-e-type=\"section\">\n\t\t\t\t\t\t<div class=\"elementor-container elementor-column-gap-default\">\n\t\t\t\t\t<div class=\"elementor-column elementor-col-100 elementor-inner-column elementor-element elementor-element-9c8714d\" data-id=\"9c8714d\" data-element_type=\"column\" data-e-type=\"column\">\n\t\t\t<div class=\"elementor-widget-wrap elementor-element-populated\">\n\t\t\t\t\t\t<div class=\"elementor-element elementor-element-aeffb9a elementor-widget elementor-widget-text-editor\" data-id=\"aeffb9a\" data-element_type=\"widget\" data-e-type=\"widget\" data-widget_type=\"text-editor.default\">\n\t\t\t\t<div class=\"elementor-widget-container\">\n\t\t\t\t\t\t\t\t\t<h2><b>2018. Se implementa el Complemento de Pago\u00a0<\/b><\/h2><p><span style=\"font-weight: 400;\">Entr\u00e1 en uso el complemento de <\/span>Recepci\u00f3n de pagos<\/p>\t\t\t\t\t\t\t\t<\/div>\n\t\t\t\t<\/div>\n\t\t\t\t<div class=\"elementor-element elementor-element-5a2c6bb elementor-align-center elementor-icon-list--layout-traditional elementor-list-item-link-full_width elementor-widget elementor-widget-icon-list\" data-id=\"5a2c6bb\" data-element_type=\"widget\" data-e-type=\"widget\" data-widget_type=\"icon-list.default\">\n\t\t\t\t<div class=\"elementor-widget-container\">\n\t\t\t\t\t\t\t<ul class=\"elementor-icon-list-items\">\n\t\t\t\t\t\t\t<li class=\"elementor-icon-list-item\">\n\t\t\t\t\t\t\t\t\t\t\t<span class=\"elementor-icon-list-icon\">\n\t\t\t\t\t\t\t<i aria-hidden=\"true\" class=\"fas fa-check\"><\/i>\t\t\t\t\t\t<\/span>\n\t\t\t\t\t\t\t\t\t\t<span class=\"elementor-icon-list-text\">Pago en una sola exhibici\u00f3n (PUE)\u00a0<\/span>\n\t\t\t\t\t\t\t\t\t<\/li>\n\t\t\t\t\t\t\t\t<li class=\"elementor-icon-list-item\">\n\t\t\t\t\t\t\t\t\t\t\t<span class=\"elementor-icon-list-icon\">\n\t\t\t\t\t\t\t<i aria-hidden=\"true\" class=\"fas fa-check\"><\/i>\t\t\t\t\t\t<\/span>\n\t\t\t\t\t\t\t\t\t\t<span class=\"elementor-icon-list-text\">Pago en parcialidades diferidas (PPD).<\/span>\n\t\t\t\t\t\t\t\t\t<\/li>\n\t\t\t\t\t\t<\/ul>\n\t\t\t\t\t\t<\/div>\n\t\t\t\t<\/div>\n\t\t\t\t\t<\/div>\n\t\t<\/div>\n\t\t\t\t\t<\/div>\n\t\t<\/section>\n\t\t\t\t\t<\/div>\n\t\t<\/div>\n\t\t\t\t\t<\/div>\n\t\t<\/section>\n\t\t\t\t<section class=\"elementor-section elementor-top-section elementor-element elementor-element-32680eb elementor-section-full_width elementor-section-stretched elementor-section-height-default elementor-section-height-default\" data-id=\"32680eb\" data-element_type=\"section\" data-e-type=\"section\" data-settings=\"{&quot;stretch_section&quot;:&quot;section-stretched&quot;,&quot;background_background&quot;:&quot;classic&quot;}\">\n\t\t\t\t\t\t<div class=\"elementor-container elementor-column-gap-default\">\n\t\t\t\t\t<div class=\"elementor-column elementor-col-100 elementor-top-column elementor-element elementor-element-c73e359\" data-id=\"c73e359\" data-element_type=\"column\" data-e-type=\"column\">\n\t\t\t<div class=\"elementor-widget-wrap elementor-element-populated\">\n\t\t\t\t\t\t<section class=\"elementor-section elementor-inner-section elementor-element elementor-element-d2ceae4 elementor-section-boxed elementor-section-height-default elementor-section-height-default\" data-id=\"d2ceae4\" data-element_type=\"section\" data-e-type=\"section\">\n\t\t\t\t\t\t<div class=\"elementor-container elementor-column-gap-default\">\n\t\t\t\t\t<div class=\"elementor-column elementor-col-50 elementor-inner-column elementor-element elementor-element-332d6a4\" data-id=\"332d6a4\" data-element_type=\"column\" data-e-type=\"column\">\n\t\t\t<div class=\"elementor-widget-wrap elementor-element-populated\">\n\t\t\t\t\t\t<div class=\"elementor-element elementor-element-88ac623 elementor-widget elementor-widget-text-editor\" data-id=\"88ac623\" data-element_type=\"widget\" data-e-type=\"widget\" data-widget_type=\"text-editor.default\">\n\t\t\t\t<div class=\"elementor-widget-container\">\n\t\t\t\t\t\t\t\t\t<iframe width=\"560\" height=\"315\" src=\"https:\/\/www.youtube.com\/embed\/F6xZDwYC-n8\" title=\"YouTube video player\" frameborder=\"0\" allow=\"accelerometer; autoplay; clipboard-write; encrypted-media; gyroscope; picture-in-picture; web-share\" allowfullscreen><\/iframe>\t\t\t\t\t\t\t\t<\/div>\n\t\t\t\t<\/div>\n\t\t\t\t\t<\/div>\n\t\t<\/div>\n\t\t\t\t<div class=\"elementor-column elementor-col-50 elementor-inner-column elementor-element elementor-element-3c350b2\" data-id=\"3c350b2\" data-element_type=\"column\" data-e-type=\"column\">\n\t\t\t<div class=\"elementor-widget-wrap elementor-element-populated\">\n\t\t\t\t\t\t<div class=\"elementor-element elementor-element-89634e5 elementor-widget elementor-widget-text-editor\" data-id=\"89634e5\" data-element_type=\"widget\" data-e-type=\"widget\" data-widget_type=\"text-editor.default\">\n\t\t\t\t<div class=\"elementor-widget-container\">\n\t\t\t\t\t\t\t\t\t<h2><b>El Buz\u00f3n tributario se vuelve necesario para la cancelaci\u00f3n de CFDI<\/b><\/h2><p><b>El buz\u00f3n tributario toma gran relevancia. Con los cambios <\/b><span style=\"font-weight: 400;\">\u00a0los contribuyentes tienen el derecho a decidir si est\u00e1n de acuerdo o no en cancelar un CFDI<\/span><\/p>\t\t\t\t\t\t\t\t<\/div>\n\t\t\t\t<\/div>\n\t\t\t\t\t<\/div>\n\t\t<\/div>\n\t\t\t\t\t<\/div>\n\t\t<\/section>\n\t\t\t\t\t<\/div>\n\t\t<\/div>\n\t\t\t\t\t<\/div>\n\t\t<\/section>\n\t\t\t\t<section class=\"elementor-section elementor-top-section elementor-element elementor-element-ec8a186 elementor-section-stretched elementor-section-boxed elementor-section-height-default elementor-section-height-default\" data-id=\"ec8a186\" data-element_type=\"section\" data-e-type=\"section\" data-settings=\"{&quot;stretch_section&quot;:&quot;section-stretched&quot;,&quot;background_background&quot;:&quot;classic&quot;}\">\n\t\t\t\t\t\t<div class=\"elementor-container elementor-column-gap-default\">\n\t\t\t\t\t<div class=\"elementor-column elementor-col-100 elementor-top-column elementor-element elementor-element-67baf5c\" data-id=\"67baf5c\" data-element_type=\"column\" data-e-type=\"column\">\n\t\t\t<div class=\"elementor-widget-wrap elementor-element-populated\">\n\t\t\t\t\t\t<div class=\"elementor-element elementor-element-3df79b6 elementor-widget elementor-widget-heading\" data-id=\"3df79b6\" data-element_type=\"widget\" data-e-type=\"widget\" id=\"carta-porte\" data-widget_type=\"heading.default\">\n\t\t\t\t<div class=\"elementor-widget-container\">\n\t\t\t\t\t<h2 class=\"elementor-heading-title elementor-size-default\">Complemento Carta Porte\n\n\n<\/h2>\t\t\t\t<\/div>\n\t\t\t\t<\/div>\n\t\t\t\t\t<\/div>\n\t\t<\/div>\n\t\t\t\t\t<\/div>\n\t\t<\/section>\n\t\t\t\t<section class=\"elementor-section elementor-top-section elementor-element elementor-element-c652e60 elementor-section-stretched elementor-section-boxed elementor-section-height-default elementor-section-height-default\" data-id=\"c652e60\" data-element_type=\"section\" data-e-type=\"section\" data-settings=\"{&quot;stretch_section&quot;:&quot;section-stretched&quot;,&quot;background_background&quot;:&quot;classic&quot;}\">\n\t\t\t\t\t\t<div class=\"elementor-container elementor-column-gap-default\">\n\t\t\t\t\t<div class=\"elementor-column elementor-col-100 elementor-top-column elementor-element elementor-element-409da27\" data-id=\"409da27\" data-element_type=\"column\" data-e-type=\"column\">\n\t\t\t<div class=\"elementor-widget-wrap elementor-element-populated\">\n\t\t\t\t\t\t<section class=\"elementor-section elementor-inner-section elementor-element elementor-element-715d71e elementor-section-boxed elementor-section-height-default elementor-section-height-default\" data-id=\"715d71e\" data-element_type=\"section\" data-e-type=\"section\">\n\t\t\t\t\t\t<div class=\"elementor-container elementor-column-gap-default\">\n\t\t\t\t\t<div class=\"elementor-column elementor-col-50 elementor-inner-column elementor-element elementor-element-7252b08\" data-id=\"7252b08\" data-element_type=\"column\" data-e-type=\"column\">\n\t\t\t<div class=\"elementor-widget-wrap elementor-element-populated\">\n\t\t\t\t\t\t<div class=\"elementor-element elementor-element-9da4273 elementor-widget elementor-widget-text-editor\" data-id=\"9da4273\" data-element_type=\"widget\" data-e-type=\"widget\" data-widget_type=\"text-editor.default\">\n\t\t\t\t<div class=\"elementor-widget-container\">\n\t\t\t\t\t\t\t\t\t<h2><b>2018. SAT establece el complemento Carta Porte<\/b><\/h2><p><span style=\"font-weight: 400;\">Se establece el uso del <\/span><b><u><a href=\"https:\/\/www.factura-e.mx\/carta-porte\/\">complemento carta porte<\/a><\/u> <\/b><span style=\"font-weight: 400;\">con su versi\u00f3n 2.0 de manera <\/span><b>opcional <\/b><span style=\"font-weight: 400;\">en ese a\u00f1o y de forma <\/span><b>obligatoria <\/b><span style=\"font-weight: 400;\">en 2022.\u00a0<\/span><\/p>\t\t\t\t\t\t\t\t<\/div>\n\t\t\t\t<\/div>\n\t\t\t\t<div class=\"elementor-element elementor-element-f6425fa elementor-view-framed elementor-position-inline-start elementor-shape-circle elementor-mobile-position-block-start elementor-widget elementor-widget-icon-box\" data-id=\"f6425fa\" data-element_type=\"widget\" data-e-type=\"widget\" data-widget_type=\"icon-box.default\">\n\t\t\t\t<div class=\"elementor-widget-container\">\n\t\t\t\t\t\t\t<div class=\"elementor-icon-box-wrapper\">\n\n\t\t\t\t\t\t<div class=\"elementor-icon-box-icon\">\n\t\t\t\t<span  class=\"elementor-icon\">\n\t\t\t\t<i aria-hidden=\"true\" class=\"fas fa-desktop\"><\/i>\t\t\t\t<\/span>\n\t\t\t<\/div>\n\t\t\t\n\t\t\t\t\t\t<div class=\"elementor-icon-box-content\">\n\n\t\t\t\t\t\t\t\t\t<h3 class=\"elementor-icon-box-title\">\n\t\t\t\t\t\t<span  >\n\t\t\t\t\t\t\tDATO \t\t\t\t\t\t<\/span>\n\t\t\t\t\t<\/h3>\n\t\t\t\t\n\t\t\t\t\t\t\t\t\t<p class=\"elementor-icon-box-description\">\n\t\t\t\t\t\tEn 2018 anunci\u00f3 la versi\u00f3n 4.0 de la CFDI con nuevos cambios en procedimientos de exportaci\u00f3n, r\u00e9gimen fiscal, domicilio fiscal, entre otros.\t\t\t\t\t<\/p>\n\t\t\t\t\n\t\t\t<\/div>\n\t\t\t\n\t\t<\/div>\n\t\t\t\t\t\t<\/div>\n\t\t\t\t<\/div>\n\t\t\t\t\t<\/div>\n\t\t<\/div>\n\t\t\t\t<div class=\"elementor-column elementor-col-50 elementor-inner-column elementor-element elementor-element-7691a13\" data-id=\"7691a13\" data-element_type=\"column\" data-e-type=\"column\">\n\t\t\t<div class=\"elementor-widget-wrap elementor-element-populated\">\n\t\t\t\t\t\t<div class=\"elementor-element elementor-element-69a4830 elementor-widget elementor-widget-image\" data-id=\"69a4830\" data-element_type=\"widget\" data-e-type=\"widget\" data-widget_type=\"image.default\">\n\t\t\t\t<div class=\"elementor-widget-container\">\n\t\t\t\t\t\t\t\t\t\t\t\t\t\t\t<img loading=\"lazy\" decoding=\"async\" width=\"751\" height=\"1024\" src=\"https:\/\/www.factura-e.mx\/blog\/wp-content\/uploads\/2023\/04\/ejemplo-cfdi-carta-porte-751x1024.jpg\" class=\"attachment-large size-large wp-image-5673\" alt=\"Ejemplo de CFDI carta porte\" srcset=\"https:\/\/www.factura-e.mx\/blog\/wp-content\/uploads\/2023\/04\/ejemplo-cfdi-carta-porte-751x1024.jpg 751w, https:\/\/www.factura-e.mx\/blog\/wp-content\/uploads\/2023\/04\/ejemplo-cfdi-carta-porte-220x300.jpg 220w, https:\/\/www.factura-e.mx\/blog\/wp-content\/uploads\/2023\/04\/ejemplo-cfdi-carta-porte.jpg 766w\" sizes=\"(max-width: 751px) 100vw, 751px\" \/>\t\t\t\t\t\t\t\t\t\t\t\t\t\t\t<\/div>\n\t\t\t\t<\/div>\n\t\t\t\t\t<\/div>\n\t\t<\/div>\n\t\t\t\t\t<\/div>\n\t\t<\/section>\n\t\t\t\t\t<\/div>\n\t\t<\/div>\n\t\t\t\t\t<\/div>\n\t\t<\/section>\n\t\t\t\t<section class=\"elementor-section elementor-top-section elementor-element elementor-element-6e756a2 elementor-section-stretched elementor-section-boxed elementor-section-height-default elementor-section-height-default\" data-id=\"6e756a2\" data-element_type=\"section\" data-e-type=\"section\" data-settings=\"{&quot;stretch_section&quot;:&quot;section-stretched&quot;,&quot;background_background&quot;:&quot;classic&quot;}\">\n\t\t\t\t\t\t<div class=\"elementor-container elementor-column-gap-default\">\n\t\t\t\t\t<div class=\"elementor-column elementor-col-100 elementor-top-column elementor-element elementor-element-94d9449\" data-id=\"94d9449\" data-element_type=\"column\" data-e-type=\"column\">\n\t\t\t<div class=\"elementor-widget-wrap elementor-element-populated\">\n\t\t\t\t\t\t<div class=\"elementor-element elementor-element-b687b49 elementor-widget elementor-widget-heading\" data-id=\"b687b49\" data-element_type=\"widget\" data-e-type=\"widget\" id=\"cfdi-4-0\" data-widget_type=\"heading.default\">\n\t\t\t\t<div class=\"elementor-widget-container\">\n\t\t\t\t\t<h2 class=\"elementor-heading-title elementor-size-default\">Entra en vigor la Factura Electr\u00f3nica 4.0\n\n\n\n<\/h2>\t\t\t\t<\/div>\n\t\t\t\t<\/div>\n\t\t\t\t\t<\/div>\n\t\t<\/div>\n\t\t\t\t\t<\/div>\n\t\t<\/section>\n\t\t\t\t<section class=\"elementor-section elementor-top-section elementor-element elementor-element-36cf3557 elementor-section-full_width elementor-section-stretched elementor-section-height-default elementor-section-height-default\" data-id=\"36cf3557\" data-element_type=\"section\" data-e-type=\"section\" data-settings=\"{&quot;stretch_section&quot;:&quot;section-stretched&quot;,&quot;background_background&quot;:&quot;classic&quot;}\">\n\t\t\t\t\t\t<div class=\"elementor-container elementor-column-gap-default\">\n\t\t\t\t\t<div class=\"elementor-column elementor-col-100 elementor-top-column elementor-element elementor-element-2c9702a2\" data-id=\"2c9702a2\" data-element_type=\"column\" data-e-type=\"column\">\n\t\t\t<div class=\"elementor-widget-wrap elementor-element-populated\">\n\t\t\t\t\t\t<section class=\"elementor-section elementor-inner-section elementor-element elementor-element-2099e639 elementor-section-boxed elementor-section-height-default elementor-section-height-default\" data-id=\"2099e639\" data-element_type=\"section\" data-e-type=\"section\">\n\t\t\t\t\t\t<div class=\"elementor-container elementor-column-gap-default\">\n\t\t\t\t\t<div class=\"elementor-column elementor-col-50 elementor-inner-column elementor-element elementor-element-78e4ba61\" data-id=\"78e4ba61\" data-element_type=\"column\" data-e-type=\"column\">\n\t\t\t<div class=\"elementor-widget-wrap elementor-element-populated\">\n\t\t\t\t\t\t<div class=\"elementor-element elementor-element-1523d890 elementor-widget elementor-widget-image\" data-id=\"1523d890\" data-element_type=\"widget\" data-e-type=\"widget\" data-widget_type=\"image.default\">\n\t\t\t\t<div class=\"elementor-widget-container\">\n\t\t\t\t\t\t\t\t\t\t\t\t\t\t\t<img loading=\"lazy\" decoding=\"async\" width=\"1024\" height=\"887\" src=\"https:\/\/www.factura-e.mx\/blog\/wp-content\/uploads\/2023\/04\/ejemplo-cfdi-4-0.jpg\" class=\"attachment-large size-large wp-image-5668\" alt=\"elementos de un CFDI 4.0\" srcset=\"https:\/\/www.factura-e.mx\/blog\/wp-content\/uploads\/2023\/04\/ejemplo-cfdi-4-0.jpg 1024w, https:\/\/www.factura-e.mx\/blog\/wp-content\/uploads\/2023\/04\/ejemplo-cfdi-4-0-300x260.jpg 300w, https:\/\/www.factura-e.mx\/blog\/wp-content\/uploads\/2023\/04\/ejemplo-cfdi-4-0-768x665.jpg 768w\" sizes=\"(max-width: 1024px) 100vw, 1024px\" \/>\t\t\t\t\t\t\t\t\t\t\t\t\t\t\t<\/div>\n\t\t\t\t<\/div>\n\t\t\t\t\t<\/div>\n\t\t<\/div>\n\t\t\t\t<div class=\"elementor-column elementor-col-50 elementor-inner-column elementor-element elementor-element-13a92912\" data-id=\"13a92912\" data-element_type=\"column\" data-e-type=\"column\">\n\t\t\t<div class=\"elementor-widget-wrap elementor-element-populated\">\n\t\t\t\t\t\t<div class=\"elementor-element elementor-element-75b6fff0 elementor-widget elementor-widget-text-editor\" data-id=\"75b6fff0\" data-element_type=\"widget\" data-e-type=\"widget\" data-widget_type=\"text-editor.default\">\n\t\t\t\t<div class=\"elementor-widget-container\">\n\t\t\t\t\t\t\t\t\t<h2><b>2022. Llegada del CFDI 4.0<\/b><\/h2><p><span style=\"font-weight: 400;\">El 1 de enero del 2022 entra en vigor la versi\u00f3n 4.0, aunque <\/span><b>a\u00fan no de forma obligatoria.<\/b><\/p><p><span style=\"font-weight: 400;\"> Uno de los cambios principales es el<\/span><b> incremento de informaci\u00f3n sobre los clientes o receptores, <\/b><span style=\"font-weight: 400;\">ahora es necesario agregar datos como r\u00e9gimen fiscal y domicilio fiscal en el <u><a href=\"https:\/\/www.factura-e.mx\/sistema-facturacion-electronica\/\">sistema de facturaci\u00f3n electr\u00f3nica 4.0<\/a><\/u><\/span><\/p><p>Con esto continua la evoluci\u00f3n de la factura electr\u00f3nica en nuestro pa\u00eds.<\/p>\t\t\t\t\t\t\t\t<\/div>\n\t\t\t\t<\/div>\n\t\t\t\t\t<\/div>\n\t\t<\/div>\n\t\t\t\t\t<\/div>\n\t\t<\/section>\n\t\t\t\t\t<\/div>\n\t\t<\/div>\n\t\t\t\t\t<\/div>\n\t\t<\/section>\n\t\t\t\t<section class=\"elementor-section elementor-top-section elementor-element elementor-element-0ffb00d elementor-section-stretched elementor-section-boxed elementor-section-height-default elementor-section-height-default\" data-id=\"0ffb00d\" data-element_type=\"section\" data-e-type=\"section\" data-settings=\"{&quot;stretch_section&quot;:&quot;section-stretched&quot;,&quot;background_background&quot;:&quot;classic&quot;}\">\n\t\t\t\t\t\t<div class=\"elementor-container elementor-column-gap-default\">\n\t\t\t\t\t<div class=\"elementor-column elementor-col-100 elementor-top-column elementor-element elementor-element-bda39cf\" data-id=\"bda39cf\" data-element_type=\"column\" data-e-type=\"column\">\n\t\t\t<div class=\"elementor-widget-wrap elementor-element-populated\">\n\t\t\t\t\t\t<section class=\"elementor-section elementor-inner-section elementor-element elementor-element-28fed73 elementor-section-boxed elementor-section-height-default elementor-section-height-default\" data-id=\"28fed73\" data-element_type=\"section\" data-e-type=\"section\">\n\t\t\t\t\t\t<div class=\"elementor-container elementor-column-gap-default\">\n\t\t\t\t\t<div class=\"elementor-column elementor-col-50 elementor-inner-column elementor-element elementor-element-fbcc42d\" data-id=\"fbcc42d\" data-element_type=\"column\" data-e-type=\"column\">\n\t\t\t<div class=\"elementor-widget-wrap elementor-element-populated\">\n\t\t\t\t\t\t<div class=\"elementor-element elementor-element-f69af64 elementor-widget elementor-widget-text-editor\" data-id=\"f69af64\" data-element_type=\"widget\" data-e-type=\"widget\" data-widget_type=\"text-editor.default\">\n\t\t\t\t<div class=\"elementor-widget-container\">\n\t\t\t\t\t\t\t\t\t<h2><b>2022. Se ampl\u00eda el plazo para el uso obligatorio del CFDI 4.0<\/b><\/h2><p>A solicitud de empresarios y contribuyentes, el SAT anunci\u00f3 el aplazamiento para el uso obligatorio del CFDI 4.0. Primero para enero de 2023 y despu\u00e9s aplazado al 1 de abril de 2023.<\/p><p>\u00a0<\/p>\t\t\t\t\t\t\t\t<\/div>\n\t\t\t\t<\/div>\n\t\t\t\t\t<\/div>\n\t\t<\/div>\n\t\t\t\t<div class=\"elementor-column elementor-col-50 elementor-inner-column elementor-element elementor-element-a35be55\" data-id=\"a35be55\" data-element_type=\"column\" data-e-type=\"column\">\n\t\t\t<div class=\"elementor-widget-wrap elementor-element-populated\">\n\t\t\t\t\t\t<div class=\"elementor-element elementor-element-f4d49be elementor-view-framed elementor-position-inline-start elementor-shape-circle elementor-mobile-position-block-start elementor-widget elementor-widget-icon-box\" data-id=\"f4d49be\" data-element_type=\"widget\" data-e-type=\"widget\" data-widget_type=\"icon-box.default\">\n\t\t\t\t<div class=\"elementor-widget-container\">\n\t\t\t\t\t\t\t<div class=\"elementor-icon-box-wrapper\">\n\n\t\t\t\t\t\t<div class=\"elementor-icon-box-icon\">\n\t\t\t\t<a href=\"https:\/\/www.cfdi.org.mx\/\" class=\"elementor-icon\" tabindex=\"-1\" aria-label=\"CFDI 3.3 y CFDI 4.0\" target=\"_blank\" rel=\"noopener\">\n\t\t\t\t<i aria-hidden=\"true\" class=\"fas fa-desktop\"><\/i>\t\t\t\t<\/a>\n\t\t\t<\/div>\n\t\t\t\n\t\t\t\t\t\t<div class=\"elementor-icon-box-content\">\n\n\t\t\t\t\t\t\t\t\t<h3 class=\"elementor-icon-box-title\">\n\t\t\t\t\t\t<a href=\"https:\/\/www.cfdi.org.mx\/\" target=\"_blank\" rel=\"noopener\">\n\t\t\t\t\t\t\tCFDI 3.3 y CFDI 4.0\t\t\t\t\t\t<\/a>\n\t\t\t\t\t<\/h3>\n\t\t\t\t\n\t\t\t\t\t\t\t\t\t<p class=\"elementor-icon-box-description\">\n\t\t\t\t\t\tDurante este periodo la versi\u00f3n 3.3 y 4.0 funcionaron de forma simult\u00e1nea, as\u00ed que los contribuyentes pod\u00edan emitir sus facturas con ambas versiones.&nbsp;\t\t\t\t\t<\/p>\n\t\t\t\t\n\t\t\t<\/div>\n\t\t\t\n\t\t<\/div>\n\t\t\t\t\t\t<\/div>\n\t\t\t\t<\/div>\n\t\t\t\t\t<\/div>\n\t\t<\/div>\n\t\t\t\t\t<\/div>\n\t\t<\/section>\n\t\t\t\t<section class=\"elementor-section elementor-inner-section elementor-element elementor-element-037d047 elementor-section-boxed elementor-section-height-default elementor-section-height-default\" data-id=\"037d047\" data-element_type=\"section\" data-e-type=\"section\">\n\t\t\t\t\t\t<div class=\"elementor-container elementor-column-gap-default\">\n\t\t\t\t\t<div class=\"elementor-column elementor-col-100 elementor-inner-column elementor-element elementor-element-0322151\" data-id=\"0322151\" data-element_type=\"column\" data-e-type=\"column\">\n\t\t\t<div class=\"elementor-widget-wrap elementor-element-populated\">\n\t\t\t\t\t\t<div class=\"elementor-element elementor-element-bdaefb2 elementor-widget elementor-widget-text-editor\" data-id=\"bdaefb2\" data-element_type=\"widget\" data-e-type=\"widget\" data-widget_type=\"text-editor.default\">\n\t\t\t\t<div class=\"elementor-widget-container\">\n\t\t\t\t\t\t\t\t\t<h2><b>2022. Implementaci\u00f3n Ticket Factura con QR<\/b><\/h2><p>Las modificaciones fiscales del 2020 al 2022, <strong>implementaron la facturaci\u00f3n instant\u00e1nea<\/strong> y se estableci\u00f3 que ahora los contribuyentes pueden <strong>emitir facturas al momento al pagar con tarjetas<\/strong>. Esta modificaci\u00f3n permite que las terminales lean la informaci\u00f3n de la tarjeta e<strong> imprima un ticket con un c\u00f3digo QR<\/strong> que contiene toda la informaci\u00f3n de la factura, aunque cabe mencionar que esta <strong>es opcional.<\/strong><\/p>\t\t\t\t\t\t\t\t<\/div>\n\t\t\t\t<\/div>\n\t\t\t\t\t<\/div>\n\t\t<\/div>\n\t\t\t\t\t<\/div>\n\t\t<\/section>\n\t\t\t\t\t<\/div>\n\t\t<\/div>\n\t\t\t\t\t<\/div>\n\t\t<\/section>\n\t\t\t\t<section class=\"elementor-section elementor-top-section elementor-element elementor-element-b21da32 elementor-section-stretched elementor-section-boxed elementor-section-height-default elementor-section-height-default\" data-id=\"b21da32\" data-element_type=\"section\" data-e-type=\"section\" data-settings=\"{&quot;stretch_section&quot;:&quot;section-stretched&quot;,&quot;background_background&quot;:&quot;classic&quot;}\">\n\t\t\t\t\t\t<div class=\"elementor-container elementor-column-gap-default\">\n\t\t\t\t\t<div class=\"elementor-column elementor-col-100 elementor-top-column elementor-element elementor-element-4dd317d\" data-id=\"4dd317d\" data-element_type=\"column\" data-e-type=\"column\">\n\t\t\t<div class=\"elementor-widget-wrap elementor-element-populated\">\n\t\t\t\t\t\t<div class=\"elementor-element elementor-element-85a830f elementor-widget elementor-widget-heading\" data-id=\"85a830f\" data-element_type=\"widget\" data-e-type=\"widget\" data-widget_type=\"heading.default\">\n\t\t\t\t<div class=\"elementor-widget-container\">\n\t\t\t\t\t<h2 class=\"elementor-heading-title elementor-size-default\">La versi\u00f3n CFDI 4.0 se vuelve obligatoria\n\n\n\n<\/h2>\t\t\t\t<\/div>\n\t\t\t\t<\/div>\n\t\t\t\t\t<\/div>\n\t\t<\/div>\n\t\t\t\t\t<\/div>\n\t\t<\/section>\n\t\t\t\t<section class=\"elementor-section elementor-top-section elementor-element elementor-element-ac6261e elementor-section-boxed elementor-section-height-default elementor-section-height-default\" data-id=\"ac6261e\" data-element_type=\"section\" data-e-type=\"section\">\n\t\t\t\t\t\t<div class=\"elementor-container elementor-column-gap-default\">\n\t\t\t\t\t<div class=\"elementor-column elementor-col-100 elementor-top-column elementor-element elementor-element-c62dccb\" data-id=\"c62dccb\" data-element_type=\"column\" data-e-type=\"column\">\n\t\t\t<div class=\"elementor-widget-wrap elementor-element-populated\">\n\t\t\t\t\t\t<div class=\"elementor-element elementor-element-7258044 elementor-widget elementor-widget-text-editor\" data-id=\"7258044\" data-element_type=\"widget\" data-e-type=\"widget\" data-widget_type=\"text-editor.default\">\n\t\t\t\t<div class=\"elementor-widget-container\">\n\t\t\t\t\t\t\t\t\t<h2><b>2023. Se aplaza unos meses su uso obligatorio\u00a0<\/b><\/h2><p>Con el fin de hacer una transici\u00f3n m\u00e1s ordenada, el SAT anunci\u00f3 en abril que se aplaza el uso del CFDI para el 1 de julio del mismo a\u00f1o.\u00a0<\/p>\t\t\t\t\t\t\t\t<\/div>\n\t\t\t\t<\/div>\n\t\t\t\t\t<\/div>\n\t\t<\/div>\n\t\t\t\t\t<\/div>\n\t\t<\/section>\n\t\t\t\t<section class=\"elementor-section elementor-top-section elementor-element elementor-element-244558c elementor-section-boxed elementor-section-height-default elementor-section-height-default\" data-id=\"244558c\" data-element_type=\"section\" data-e-type=\"section\">\n\t\t\t\t\t\t<div class=\"elementor-container elementor-column-gap-default\">\n\t\t\t\t\t<div class=\"elementor-column elementor-col-100 elementor-top-column elementor-element elementor-element-7ce3780\" data-id=\"7ce3780\" data-element_type=\"column\" data-e-type=\"column\">\n\t\t\t<div class=\"elementor-widget-wrap elementor-element-populated\">\n\t\t\t\t\t\t<div class=\"elementor-element elementor-element-7b244f5 elementor-widget elementor-widget-accordion\" data-id=\"7b244f5\" data-element_type=\"widget\" data-e-type=\"widget\" data-widget_type=\"accordion.default\">\n\t\t\t\t<div class=\"elementor-widget-container\">\n\t\t\t\t\t\t\t<div class=\"elementor-accordion\">\n\t\t\t\t\t\t\t<div class=\"elementor-accordion-item\">\n\t\t\t\t\t<div id=\"elementor-tab-title-1291\" class=\"elementor-tab-title\" data-tab=\"1\" role=\"button\" aria-controls=\"elementor-tab-content-1291\" aria-expanded=\"false\">\n\t\t\t\t\t\t\t\t\t\t\t\t\t<span class=\"elementor-accordion-icon elementor-accordion-icon-left\" aria-hidden=\"true\">\n\t\t\t\t\t\t\t\t\t\t\t\t\t\t\t<span class=\"elementor-accordion-icon-closed\"><i class=\"fas fa-plus\"><\/i><\/span>\n\t\t\t\t\t\t\t\t<span class=\"elementor-accordion-icon-opened\"><i class=\"fas fa-minus\"><\/i><\/span>\n\t\t\t\t\t\t\t\t\t\t\t\t\t\t<\/span>\n\t\t\t\t\t\t\t\t\t\t\t\t<a class=\"elementor-accordion-title\" tabindex=\"0\">\u00bfCu\u00e1ndo surge la factura electr\u00f3nica en M\u00e9xico?<\/a>\n\t\t\t\t\t<\/div>\n\t\t\t\t\t<div id=\"elementor-tab-content-1291\" class=\"elementor-tab-content elementor-clearfix\" data-tab=\"1\" role=\"region\" aria-labelledby=\"elementor-tab-title-1291\"><p>La factura electr\u00f3nica en M\u00e9xico surge en 2004 con la publicaci\u00f3n de la Resoluci\u00f3n Miscel\u00e1nea Fiscal para ese a\u00f1o.\u00a0<\/p><p>En dicha resoluci\u00f3n se establecieron los lineamientos y requisitos para la emisi\u00f3n de facturas electr\u00f3nicas y se defini\u00f3 como Comprobante Fiscal Digital (CFD) a la factura electr\u00f3nica.\u00a0<\/p><p>Desde entonces, la factura electr\u00f3nica ha ido evolucionando en el pa\u00eds, y actualmente es el principal medio de comprobaci\u00f3n fiscal para las empresas mexicanas.<\/p><p>Una de sus principales ventajas es la integraci\u00f3n autom\u00e1tica a los <a href=\"https:\/\/www.factura-e.mx\/contabilidad-electronica\/\"><u>sistemas de contabilidad electr\u00f3nica<\/u><\/a>.<\/p><\/div>\n\t\t\t\t<\/div>\n\t\t\t\t\t\t\t<div class=\"elementor-accordion-item\">\n\t\t\t\t\t<div id=\"elementor-tab-title-1292\" class=\"elementor-tab-title\" data-tab=\"2\" role=\"button\" aria-controls=\"elementor-tab-content-1292\" aria-expanded=\"false\">\n\t\t\t\t\t\t\t\t\t\t\t\t\t<span class=\"elementor-accordion-icon elementor-accordion-icon-left\" aria-hidden=\"true\">\n\t\t\t\t\t\t\t\t\t\t\t\t\t\t\t<span class=\"elementor-accordion-icon-closed\"><i class=\"fas fa-plus\"><\/i><\/span>\n\t\t\t\t\t\t\t\t<span class=\"elementor-accordion-icon-opened\"><i class=\"fas fa-minus\"><\/i><\/span>\n\t\t\t\t\t\t\t\t\t\t\t\t\t\t<\/span>\n\t\t\t\t\t\t\t\t\t\t\t\t<a class=\"elementor-accordion-title\" tabindex=\"0\">\u00bfCu\u00e1ndo inicio la factura electr\u00f3nica obligatoria en M\u00e9xico?<\/a>\n\t\t\t\t\t<\/div>\n\t\t\t\t\t<div id=\"elementor-tab-content-1292\" class=\"elementor-tab-content elementor-clearfix\" data-tab=\"2\" role=\"region\" aria-labelledby=\"elementor-tab-title-1292\"><div class=\"group w-full text-gray-800 dark:text-gray-100 border-b border-black\/10 dark:border-gray-900\/50 bg-gray-50 dark:bg-[#444654]\"><div class=\"text-base gap-4 md:gap-6 md:max-w-2xl lg:max-w-xl xl:max-w-3xl p-4 md:py-6 flex lg:px-0 m-auto\"><div class=\"relative flex w-[calc(100%-50px)] flex-col gap-1 md:gap-3 lg:w-[calc(100%-115px)]\"><div class=\"flex flex-grow flex-col gap-3\"><div class=\"min-h-[20px] flex flex-col items-start gap-4 whitespace-pre-wrap break-words\"><div class=\"markdown prose w-full break-words dark:prose-invert light\"><p>La factura electr\u00f3nica obligatoria en M\u00e9xico inici\u00f3 en enero de 2011 para ciertos contribuyentes seleccionados por el Servicio de Administraci\u00f3n Tributaria (SAT) en un programa piloto.\u00a0<\/p><p>Luego, en enero de 2014, se hizo obligatoria la emisi\u00f3n de facturas electr\u00f3nicas para todos los contribuyentes que realizan actividades empresariales, profesionales o prestan servicios en el pa\u00eds, con excepci\u00f3n de algunos sectores que contaban con plazos adicionales para su implementaci\u00f3n.<\/p><p>\u00a0Desde entonces, la factura electr\u00f3nica ha sido la \u00fanica forma v\u00e1lida de comprobaci\u00f3n fiscal en M\u00e9xico.<\/p><\/div><\/div><\/div><\/div><\/div><\/div><\/div>\n\t\t\t\t<\/div>\n\t\t\t\t\t\t\t<div class=\"elementor-accordion-item\">\n\t\t\t\t\t<div id=\"elementor-tab-title-1293\" class=\"elementor-tab-title\" data-tab=\"3\" role=\"button\" aria-controls=\"elementor-tab-content-1293\" aria-expanded=\"false\">\n\t\t\t\t\t\t\t\t\t\t\t\t\t<span class=\"elementor-accordion-icon elementor-accordion-icon-left\" aria-hidden=\"true\">\n\t\t\t\t\t\t\t\t\t\t\t\t\t\t\t<span class=\"elementor-accordion-icon-closed\"><i class=\"fas fa-plus\"><\/i><\/span>\n\t\t\t\t\t\t\t\t<span class=\"elementor-accordion-icon-opened\"><i class=\"fas fa-minus\"><\/i><\/span>\n\t\t\t\t\t\t\t\t\t\t\t\t\t\t<\/span>\n\t\t\t\t\t\t\t\t\t\t\t\t<a class=\"elementor-accordion-title\" tabindex=\"0\">\u00bfC\u00f3mo eran antes las facturas?<\/a>\n\t\t\t\t\t<\/div>\n\t\t\t\t\t<div id=\"elementor-tab-content-1293\" class=\"elementor-tab-content elementor-clearfix\" data-tab=\"3\" role=\"region\" aria-labelledby=\"elementor-tab-title-1293\"><p>Antes de la implementaci\u00f3n de la factura electr\u00f3nica en M\u00e9xico, las facturas eran documentos impresos en papel que se utilizaban para comprobar una transacci\u00f3n comercial o la prestaci\u00f3n de un servicio.\u00a0<\/p><p>Estas facturas deb\u00edan ser emitidas en papel y cumplir con ciertos requisitos fiscales establecidos por la autoridad tributaria mexicana, como incluir informaci\u00f3n detallada sobre el emisor y receptor, el monto total de la transacci\u00f3n, impuestos aplicados, entre otros.<\/p><p>La emisi\u00f3n y recepci\u00f3n de facturas en papel implicaba una serie de procesos manuales que inclu\u00edan la impresi\u00f3n, entrega y resguardo de los documentos por parte de los contribuyentes, lo que pod\u00eda resultar en errores y p\u00e9rdidas de informaci\u00f3n.\u00a0<\/p><p>Adem\u00e1s, el proceso de revisi\u00f3n y validaci\u00f3n de las facturas por parte de la autoridad tributaria era complejo y requer\u00eda de una gran cantidad de tiempo y recursos.\u00a0<\/p><p>Con la implementaci\u00f3n de la factura electr\u00f3nica en M\u00e9xico, se busc\u00f3 simplificar y agilizar estos procesos y reducir los costos y el impacto ambiental asociado con la impresi\u00f3n y almacenamiento de documentos en papel.<\/p><\/div>\n\t\t\t\t<\/div>\n\t\t\t\t\t\t\t<div class=\"elementor-accordion-item\">\n\t\t\t\t\t<div id=\"elementor-tab-title-1294\" class=\"elementor-tab-title\" data-tab=\"4\" role=\"button\" aria-controls=\"elementor-tab-content-1294\" aria-expanded=\"false\">\n\t\t\t\t\t\t\t\t\t\t\t\t\t<span class=\"elementor-accordion-icon elementor-accordion-icon-left\" aria-hidden=\"true\">\n\t\t\t\t\t\t\t\t\t\t\t\t\t\t\t<span class=\"elementor-accordion-icon-closed\"><i class=\"fas fa-plus\"><\/i><\/span>\n\t\t\t\t\t\t\t\t<span class=\"elementor-accordion-icon-opened\"><i class=\"fas fa-minus\"><\/i><\/span>\n\t\t\t\t\t\t\t\t\t\t\t\t\t\t<\/span>\n\t\t\t\t\t\t\t\t\t\t\t\t<a class=\"elementor-accordion-title\" tabindex=\"0\">\u00bfCu\u00e1ndo se dej\u00f3 de usar las facturas en papel?<\/a>\n\t\t\t\t\t<\/div>\n\t\t\t\t\t<div id=\"elementor-tab-content-1294\" class=\"elementor-tab-content elementor-clearfix\" data-tab=\"4\" role=\"region\" aria-labelledby=\"elementor-tab-title-1294\"><p>la factura electr\u00f3nica es obligatoria desde el 2014.\u00a0<\/p><p>Esto ayud\u00f3 a evitar el fraude fiscal, pues es mucho m\u00e1s dif\u00edcil hacer una factura falsa.<\/p><\/div>\n\t\t\t\t<\/div>\n\t\t\t\t\t\t\t<div class=\"elementor-accordion-item\">\n\t\t\t\t\t<div id=\"elementor-tab-title-1295\" class=\"elementor-tab-title\" data-tab=\"5\" role=\"button\" aria-controls=\"elementor-tab-content-1295\" aria-expanded=\"false\">\n\t\t\t\t\t\t\t\t\t\t\t\t\t<span class=\"elementor-accordion-icon elementor-accordion-icon-left\" aria-hidden=\"true\">\n\t\t\t\t\t\t\t\t\t\t\t\t\t\t\t<span class=\"elementor-accordion-icon-closed\"><i class=\"fas fa-plus\"><\/i><\/span>\n\t\t\t\t\t\t\t\t<span class=\"elementor-accordion-icon-opened\"><i class=\"fas fa-minus\"><\/i><\/span>\n\t\t\t\t\t\t\t\t\t\t\t\t\t\t<\/span>\n\t\t\t\t\t\t\t\t\t\t\t\t<a class=\"elementor-accordion-title\" tabindex=\"0\">\u00bfC\u00f3mo se llaman las facturas en M\u00e9xico?<\/a>\n\t\t\t\t\t<\/div>\n\t\t\t\t\t<div id=\"elementor-tab-content-1295\" class=\"elementor-tab-content elementor-clearfix\" data-tab=\"5\" role=\"region\" aria-labelledby=\"elementor-tab-title-1295\"><p>En M\u00e9xico, las facturas se llaman \u00abComprobantes Fiscales Digitales por Internet\u00bb (CFDI). Estas son facturas electr\u00f3nicas que se emiten y reciben a trav\u00e9s de internet y se utilizan como comprobantes fiscales para fines contables y tributarios.<\/p><\/div>\n\t\t\t\t<\/div>\n\t\t\t\t\t\t\t<div class=\"elementor-accordion-item\">\n\t\t\t\t\t<div id=\"elementor-tab-title-1296\" class=\"elementor-tab-title\" data-tab=\"6\" role=\"button\" aria-controls=\"elementor-tab-content-1296\" aria-expanded=\"false\">\n\t\t\t\t\t\t\t\t\t\t\t\t\t<span class=\"elementor-accordion-icon elementor-accordion-icon-left\" aria-hidden=\"true\">\n\t\t\t\t\t\t\t\t\t\t\t\t\t\t\t<span class=\"elementor-accordion-icon-closed\"><i class=\"fas fa-plus\"><\/i><\/span>\n\t\t\t\t\t\t\t\t<span class=\"elementor-accordion-icon-opened\"><i class=\"fas fa-minus\"><\/i><\/span>\n\t\t\t\t\t\t\t\t\t\t\t\t\t\t<\/span>\n\t\t\t\t\t\t\t\t\t\t\t\t<a class=\"elementor-accordion-title\" tabindex=\"0\">\u00bfCu\u00e1ntas facturas se emiten al a\u00f1o?<\/a>\n\t\t\t\t\t<\/div>\n\t\t\t\t\t<div id=\"elementor-tab-content-1296\" class=\"elementor-tab-content elementor-clearfix\" data-tab=\"6\" role=\"region\" aria-labelledby=\"elementor-tab-title-1296\"><p>seg\u00fan datos del Servicio de Administraci\u00f3n Tributaria (SAT) de M\u00e9xico, en el primer trimestre del a\u00f1o 2021 se emitieron alrededor de 2.9 billones de facturas electr\u00f3nicas (CFDI) en el pa\u00eds<\/p><p>Aqu\u00ed puedes encontrar m\u00e1s <a href=\"https:\/\/www.facturacion-e.net\/facturacion-electronica\/estadisticas\/\" target=\"_blank\" rel=\"noopener\">estad\u00edsticas de la facturaci\u00f3n electr\u00f3nica en M\u00e9xico<\/a>.<\/p><\/div>\n\t\t\t\t<\/div>\n\t\t\t\t\t\t\t<div class=\"elementor-accordion-item\">\n\t\t\t\t\t<div id=\"elementor-tab-title-1297\" class=\"elementor-tab-title\" data-tab=\"7\" role=\"button\" aria-controls=\"elementor-tab-content-1297\" aria-expanded=\"false\">\n\t\t\t\t\t\t\t\t\t\t\t\t\t<span class=\"elementor-accordion-icon elementor-accordion-icon-left\" aria-hidden=\"true\">\n\t\t\t\t\t\t\t\t\t\t\t\t\t\t\t<span class=\"elementor-accordion-icon-closed\"><i class=\"fas fa-plus\"><\/i><\/span>\n\t\t\t\t\t\t\t\t<span class=\"elementor-accordion-icon-opened\"><i class=\"fas fa-minus\"><\/i><\/span>\n\t\t\t\t\t\t\t\t\t\t\t\t\t\t<\/span>\n\t\t\t\t\t\t\t\t\t\t\t\t<a class=\"elementor-accordion-title\" tabindex=\"0\">\u00bfCu\u00e1ntas versiones de facturaci\u00f3n existen?<\/a>\n\t\t\t\t\t<\/div>\n\t\t\t\t\t<div id=\"elementor-tab-content-1297\" class=\"elementor-tab-content elementor-clearfix\" data-tab=\"7\" role=\"region\" aria-labelledby=\"elementor-tab-title-1297\"><p>En M\u00e9xico, existieron varias versiones de facturaci\u00f3n electr\u00f3nica que han sido utilizadas a lo largo del tiempo.<\/p><p>Te menciono algunas de las versiones m\u00e1s relevantes de la historia de la facturaci\u00f3n electr\u00f3nica:<\/p><ol><li><p>CFD: Comprobante Fiscal Digital. Fue la primera versi\u00f3n de facturaci\u00f3n electr\u00f3nica en M\u00e9xico, implementada en 2004.<\/p><\/li><li><p>CFD 2.2: Versi\u00f3n mejorada del CFD, implementada en 2010. Fue utilizada por un tiempo antes de la implementaci\u00f3n del CFDI.<\/p><\/li><li><p>CBB: Comprobante Fiscal en papel con C\u00f3digo de Barras Bidimensional. Es una versi\u00f3n de facturaci\u00f3n en papel que incluye un c\u00f3digo de barras bidimensional que contiene la informaci\u00f3n fiscal del comprobante.<\/p><\/li><li>CFDI: Comprobante Fiscal Digital por Internet. Es la versi\u00f3n actual de la factura electr\u00f3nica en M\u00e9xico, implementada en 2011.<\/li><\/ol><p>La \u00fanica versi\u00f3n de facturaci\u00f3n electr\u00f3nica v\u00e1lida en M\u00e9xico es el CFDI, que es un documento digital que se emite, se transmite y se almacena por medios electr\u00f3nicos, y que debe cumplir con los requisitos fiscales establecidos por el Servicio de Administraci\u00f3n Tributaria (SAT) de M\u00e9xico.<\/p><\/div>\n\t\t\t\t<\/div>\n\t\t\t\t\t\t\t<div class=\"elementor-accordion-item\">\n\t\t\t\t\t<div id=\"elementor-tab-title-1298\" class=\"elementor-tab-title\" data-tab=\"8\" role=\"button\" aria-controls=\"elementor-tab-content-1298\" aria-expanded=\"false\">\n\t\t\t\t\t\t\t\t\t\t\t\t\t<span class=\"elementor-accordion-icon elementor-accordion-icon-left\" aria-hidden=\"true\">\n\t\t\t\t\t\t\t\t\t\t\t\t\t\t\t<span class=\"elementor-accordion-icon-closed\"><i class=\"fas fa-plus\"><\/i><\/span>\n\t\t\t\t\t\t\t\t<span class=\"elementor-accordion-icon-opened\"><i class=\"fas fa-minus\"><\/i><\/span>\n\t\t\t\t\t\t\t\t\t\t\t\t\t\t<\/span>\n\t\t\t\t\t\t\t\t\t\t\t\t<a class=\"elementor-accordion-title\" tabindex=\"0\">\u00bfQu\u00e9 es el SAT?<\/a>\n\t\t\t\t\t<\/div>\n\t\t\t\t\t<div id=\"elementor-tab-content-1298\" class=\"elementor-tab-content elementor-clearfix\" data-tab=\"8\" role=\"region\" aria-labelledby=\"elementor-tab-title-1298\"><p>El SAT es un \u00f3rgano descentralizado de la Secretar\u00eda de Hacienda y Cr\u00e9dito P\u00fablico de M\u00e9xico (SHCP), con competencias y facultades aut\u00f3nomas, que se encarga de la recaudaci\u00f3n, impuestos y la vigilancia del cumplimiento de las obligaciones fiscales.<\/p><\/div>\n\t\t\t\t<\/div>\n\t\t\t\t\t\t\t<div class=\"elementor-accordion-item\">\n\t\t\t\t\t<div id=\"elementor-tab-title-1299\" class=\"elementor-tab-title\" data-tab=\"9\" role=\"button\" aria-controls=\"elementor-tab-content-1299\" aria-expanded=\"false\">\n\t\t\t\t\t\t\t\t\t\t\t\t\t<span class=\"elementor-accordion-icon elementor-accordion-icon-left\" aria-hidden=\"true\">\n\t\t\t\t\t\t\t\t\t\t\t\t\t\t\t<span class=\"elementor-accordion-icon-closed\"><i class=\"fas fa-plus\"><\/i><\/span>\n\t\t\t\t\t\t\t\t<span class=\"elementor-accordion-icon-opened\"><i class=\"fas fa-minus\"><\/i><\/span>\n\t\t\t\t\t\t\t\t\t\t\t\t\t\t<\/span>\n\t\t\t\t\t\t\t\t\t\t\t\t<a class=\"elementor-accordion-title\" tabindex=\"0\">\u00bfEs segura la facturaci\u00f3n electr\u00f3nica?<\/a>\n\t\t\t\t\t<\/div>\n\t\t\t\t\t<div id=\"elementor-tab-content-1299\" class=\"elementor-tab-content elementor-clearfix\" data-tab=\"9\" role=\"region\" aria-labelledby=\"elementor-tab-title-1299\"><p>S\u00ed, es segura debido al uso de la firma electr\u00f3nica avanzada, que utiliza criptograf\u00eda de clave p\u00fablica. La firma electr\u00f3nica avanzada es un mecanismo que permite autenticar la identidad del emisor y garantizar la integridad de la factura electr\u00f3nica, lo que significa que no se puede modificar ni falsificar.<\/p><\/div>\n\t\t\t\t<\/div>\n\t\t\t\t\t\t\t<div class=\"elementor-accordion-item\">\n\t\t\t\t\t<div id=\"elementor-tab-title-12910\" class=\"elementor-tab-title\" data-tab=\"10\" role=\"button\" aria-controls=\"elementor-tab-content-12910\" aria-expanded=\"false\">\n\t\t\t\t\t\t\t\t\t\t\t\t\t<span class=\"elementor-accordion-icon elementor-accordion-icon-left\" aria-hidden=\"true\">\n\t\t\t\t\t\t\t\t\t\t\t\t\t\t\t<span class=\"elementor-accordion-icon-closed\"><i class=\"fas fa-plus\"><\/i><\/span>\n\t\t\t\t\t\t\t\t<span class=\"elementor-accordion-icon-opened\"><i class=\"fas fa-minus\"><\/i><\/span>\n\t\t\t\t\t\t\t\t\t\t\t\t\t\t<\/span>\n\t\t\t\t\t\t\t\t\t\t\t\t<a class=\"elementor-accordion-title\" tabindex=\"0\">\u00bfCu\u00e1ndo empez\u00f3 la facturaci\u00f3n electr\u00f3nica en M\u00e9xico?<\/a>\n\t\t\t\t\t<\/div>\n\t\t\t\t\t<div id=\"elementor-tab-content-12910\" class=\"elementor-tab-content elementor-clearfix\" data-tab=\"10\" role=\"region\" aria-labelledby=\"elementor-tab-title-12910\"><p>La facturaci\u00f3n electr\u00f3nica en M\u00e9xico empez\u00f3 en el a\u00f1o 2004, cuando el Servicio de Administraci\u00f3n Tributaria (SAT) lanz\u00f3 un programa piloto para la emisi\u00f3n de comprobantes fiscales digitales por internet (CFDI).\u00a0<\/p><p>Sin embargo, la obligatoriedad de la facturaci\u00f3n electr\u00f3nica para ciertos contribuyentes se estableci\u00f3 en 2011 y se ha ido extendiendo a lo largo de los a\u00f1os.\u00a0<\/p><\/div>\n\t\t\t\t<\/div>\n\t\t\t\t\t\t\t\t<\/div>\n\t\t\t\t\t\t<\/div>\n\t\t\t\t<\/div>\n\t\t\t\t\t<\/div>\n\t\t<\/div>\n\t\t\t\t\t<\/div>\n\t\t<\/section>\n\t\t\t\t<section class=\"elementor-section elementor-top-section elementor-element elementor-element-d90700e elementor-section-boxed elementor-section-height-default elementor-section-height-default\" data-id=\"d90700e\" data-element_type=\"section\" data-e-type=\"section\" data-settings=\"{&quot;background_background&quot;:&quot;classic&quot;}\">\n\t\t\t\t\t\t<div class=\"elementor-container elementor-column-gap-default\">\n\t\t\t\t\t<div class=\"elementor-column elementor-col-100 elementor-top-column elementor-element elementor-element-38b97a6\" data-id=\"38b97a6\" data-element_type=\"column\" data-e-type=\"column\">\n\t\t\t<div class=\"elementor-widget-wrap elementor-element-populated\">\n\t\t\t\t\t\t<section class=\"elementor-section elementor-inner-section elementor-element elementor-element-5e248a9 elementor-section-boxed elementor-section-height-default elementor-section-height-default\" data-id=\"5e248a9\" data-element_type=\"section\" data-e-type=\"section\">\n\t\t\t\t\t\t<div class=\"elementor-container elementor-column-gap-default\">\n\t\t\t\t\t<div class=\"elementor-column elementor-col-33 elementor-inner-column elementor-element elementor-element-592bcda\" data-id=\"592bcda\" data-element_type=\"column\" data-e-type=\"column\">\n\t\t\t<div class=\"elementor-widget-wrap elementor-element-populated\">\n\t\t\t\t\t\t<div class=\"elementor-element elementor-element-1b7738f elementor-widget elementor-widget-text-editor\" data-id=\"1b7738f\" data-element_type=\"widget\" data-e-type=\"widget\" data-widget_type=\"text-editor.default\">\n\t\t\t\t<div class=\"elementor-widget-container\">\n\t\t\t\t\t\t\t\t\t<p><span style=\"color: #ffffff;\"><a style=\"color: #ffffff;\" href=\"https:\/\/www.factura-e.mx\/aviso-de-privacidad\/\">Aviso de Privacidad<\/a><\/span><\/p>\t\t\t\t\t\t\t\t<\/div>\n\t\t\t\t<\/div>\n\t\t\t\t\t<\/div>\n\t\t<\/div>\n\t\t\t\t<div class=\"elementor-column elementor-col-33 elementor-inner-column elementor-element elementor-element-0f32eac\" data-id=\"0f32eac\" data-element_type=\"column\" data-e-type=\"column\">\n\t\t\t<div class=\"elementor-widget-wrap elementor-element-populated\">\n\t\t\t\t\t\t<div class=\"elementor-element elementor-element-a19d0e3 elementor-widget elementor-widget-text-editor\" data-id=\"a19d0e3\" data-element_type=\"widget\" data-e-type=\"widget\" data-widget_type=\"text-editor.default\">\n\t\t\t\t<div class=\"elementor-widget-container\">\n\t\t\t\t\t\t\t\t\tTel\u00e9fono:\n2228-48-78-47\t\t\t\t\t\t\t\t<\/div>\n\t\t\t\t<\/div>\n\t\t\t\t\t<\/div>\n\t\t<\/div>\n\t\t\t\t<div class=\"elementor-column elementor-col-33 elementor-inner-column elementor-element elementor-element-66973f1\" data-id=\"66973f1\" data-element_type=\"column\" data-e-type=\"column\">\n\t\t\t<div class=\"elementor-widget-wrap elementor-element-populated\">\n\t\t\t\t\t\t<div class=\"elementor-element elementor-element-edc1826 elementor-widget elementor-widget-text-editor\" data-id=\"edc1826\" data-element_type=\"widget\" data-e-type=\"widget\" data-widget_type=\"text-editor.default\">\n\t\t\t\t<div class=\"elementor-widget-container\">\n\t\t\t\t\t\t\t\t\t<p>This site is NOT endorsed by Facebook in any way. FACEBOOK is a trademark of FACEBOOK, Inc.<\/p>\t\t\t\t\t\t\t\t<\/div>\n\t\t\t\t<\/div>\n\t\t\t\t\t<\/div>\n\t\t<\/div>\n\t\t\t\t\t<\/div>\n\t\t<\/section>\n\t\t\t\t\t<\/div>\n\t\t<\/div>\n\t\t\t\t\t<\/div>\n\t\t<\/section>\n\t\t\t\t<\/div>\n\t\t","protected":false},"excerpt":{"rendered":"<p>Historia de la Factura Electr\u00f3nica en M\u00e9xico Chile, M\u00e9xico y Brasil son considerados\u00a0 como pa\u00edses pioneros en utilizar este m\u00e9todo para facturar. Latinoam\u00e9rica puso a prueba esta herramienta que despu\u00e9s de unos a\u00f1os se volvi\u00f3 muy funcional y se convirti\u00f3 en un proceso\u00a0obligatorio\u00a0para todos los contribuyentes.\u00a0 M\u00e9xico: Pionero en facturaci\u00f3n Primer a\u00f1o de adopci\u00f3n del [&hellip;]<\/p>\n","protected":false},"author":1,"featured_media":5731,"comment_status":"open","ping_status":"open","sticky":false,"template":"elementor_header_footer","format":"standard","meta":{"_joinchat":[],"footnotes":""},"categories":[1],"tags":[],"ppma_author":[1410],"class_list":["post-5523","post","type-post","status-publish","format-standard","has-post-thumbnail","hentry","category-lo-nuevo","entry","has-media"],"authors":[{"term_id":1410,"user_id":1,"is_guest":0,"slug":"bgfactmx","display_name":"Juan Pablo Ruiz","avatar_url":{"url":"https:\/\/www.factura-e.mx\/blog\/wp-content\/uploads\/2024\/01\/Juan-Pablo-Ruiz.png","url2x":"https:\/\/www.factura-e.mx\/blog\/wp-content\/uploads\/2024\/01\/Juan-Pablo-Ruiz.png"},"0":null,"1":"","2":"","3":"","4":"","5":"","6":"","7":"","8":""}],"_links":{"self":[{"href":"https:\/\/www.factura-e.mx\/blog\/wp-json\/wp\/v2\/posts\/5523","targetHints":{"allow":["GET"]}}],"collection":[{"href":"https:\/\/www.factura-e.mx\/blog\/wp-json\/wp\/v2\/posts"}],"about":[{"href":"https:\/\/www.factura-e.mx\/blog\/wp-json\/wp\/v2\/types\/post"}],"author":[{"embeddable":true,"href":"https:\/\/www.factura-e.mx\/blog\/wp-json\/wp\/v2\/users\/1"}],"replies":[{"embeddable":true,"href":"https:\/\/www.factura-e.mx\/blog\/wp-json\/wp\/v2\/comments?post=5523"}],"version-history":[{"count":222,"href":"https:\/\/www.factura-e.mx\/blog\/wp-json\/wp\/v2\/posts\/5523\/revisions"}],"predecessor-version":[{"id":7537,"href":"https:\/\/www.factura-e.mx\/blog\/wp-json\/wp\/v2\/posts\/5523\/revisions\/7537"}],"wp:featuredmedia":[{"embeddable":true,"href":"https:\/\/www.factura-e.mx\/blog\/wp-json\/wp\/v2\/media\/5731"}],"wp:attachment":[{"href":"https:\/\/www.factura-e.mx\/blog\/wp-json\/wp\/v2\/media?parent=5523"}],"wp:term":[{"taxonomy":"category","embeddable":true,"href":"https:\/\/www.factura-e.mx\/blog\/wp-json\/wp\/v2\/categories?post=5523"},{"taxonomy":"post_tag","embeddable":true,"href":"https:\/\/www.factura-e.mx\/blog\/wp-json\/wp\/v2\/tags?post=5523"},{"taxonomy":"author","embeddable":true,"href":"https:\/\/www.factura-e.mx\/blog\/wp-json\/wp\/v2\/ppma_author?post=5523"}],"curies":[{"name":"wp","href":"https:\/\/api.w.org\/{rel}","templated":true}]}}